{"id":14225,"date":"2025-03-05T02:12:06","date_gmt":"2025-03-05T02:12:06","guid":{"rendered":"https:\/\/haberbesiktas.tr\/?p=14225"},"modified":"2025-03-05T02:12:06","modified_gmt":"2025-03-05T02:12:06","slug":"ognjen-mimovic-siftaha-hazirlaniyor","status":"publish","type":"post","link":"https:\/\/haberbesiktas.tr\/?p=14225","title":{"rendered":"Ognjen Mimovic, siftaha haz\u0131rlan\u0131yor"},"content":{"rendered":"<div>Fenerbah\u00e7e&#8217;nin son transferi olan Ognjen Mimovic, alana \u00e7\u0131kmaya haz\u0131rlan\u0131yor.<\/p>\n<p> S\u0131rp y\u0131ld\u0131z, grupla \u00e7al\u0131\u015fmad\u0131\u011f\u0131 i\u00e7in \u00c7aykur Rizespor \u00e7abas\u0131n\u0131n tak\u0131m\u0131nda yer almam\u0131\u015ft\u0131. Ognjen Mimovic, pazar g\u00fcn\u00fc birinci kere idmana \u00e7\u0131kt\u0131.<\/p>\n<p> 20 ya\u015f\u0131ndaki futbolcu, K\u0131z\u0131ly\u0131ld\u0131z&#8217;dan haz\u0131r bir formda gelmi\u015fti.<\/p>\n<p> Mimovic&#8217;in \u00e7ar\u015famba ak\u015fam\u0131 oynanacak Erzurumspor ma\u00e7\u0131nda birinci 11&#8217;de alana \u00e7\u0131kmas\u0131 bekleniyor.<\/p>\n<\/div>\n","protected":false},"excerpt":{"rendered":"<p>Fenerbah\u00e7e&#8217;nin son transferi Ognjen Mimovic, Erzurumspor kar\u015f\u0131s\u0131nda birinci 11&#8217;de olacak.<\/p>\n","protected":false},"author":1,"featured_media":14226,"comment_status":"open","ping_status":"open","sticky":false,"template":"","format":"standard","meta":{"footnotes":""},"categories":[25],"tags":[],"class_list":["post-14225","post","type-post","status-publish","format-standard","has-post-thumbnail","hentry","category-futbol"],"_links":{"self":[{"href":"https:\/\/haberbesiktas.tr\/index.php?rest_route=\/wp\/v2\/posts\/14225","targetHints":{"allow":["GET"]}}],"collection":[{"href":"https:\/\/haberbesiktas.tr\/index.php?rest_route=\/wp\/v2\/posts"}],"about":[{"href":"https:\/\/haberbesiktas.tr\/index.php?rest_route=\/wp\/v2\/types\/post"}],"author":[{"embeddable":true,"href":"https:\/\/haberbesiktas.tr\/index.php?rest_route=\/wp\/v2\/users\/1"}],"replies":[{"embeddable":true,"href":"https:\/\/haberbesiktas.tr\/index.php?rest_route=%2Fwp%2Fv2%2Fcomments&post=14225"}],"version-history":[{"count":1,"href":"https:\/\/haberbesiktas.tr\/index.php?rest_route=\/wp\/v2\/posts\/14225\/revisions"}],"predecessor-version":[{"id":14227,"href":"https:\/\/haberbesiktas.tr\/index.php?rest_route=\/wp\/v2\/posts\/14225\/revisions\/14227"}],"wp:featuredmedia":[{"embeddable":true,"href":"https:\/\/haberbesiktas.tr\/index.php?rest_route=\/wp\/v2\/media\/14226"}],"wp:attachment":[{"href":"https:\/\/haberbesiktas.tr\/index.php?rest_route=%2Fwp%2Fv2%2Fmedia&parent=14225"}],"wp:term":[{"taxonomy":"category","embeddable":true,"href":"https:\/\/haberbesiktas.tr\/index.php?rest_route=%2Fwp%2Fv2%2Fcategories&post=14225"},{"taxonomy":"post_tag","embeddable":true,"href":"https:\/\/haberbesiktas.tr\/index.php?rest_route=%2Fwp%2Fv2%2Ftags&post=14225"}],"curies":[{"name":"wp","href":"https:\/\/api.w.org\/{rel}","templated":true}]}}