{"id":14228,"date":"2025-03-05T02:24:05","date_gmt":"2025-03-05T02:24:05","guid":{"rendered":"https:\/\/haberbesiktas.tr\/?p=14228"},"modified":"2025-03-05T02:24:05","modified_gmt":"2025-03-05T02:24:05","slug":"fenerbahcede-dzeko-ve-en-nesyri-ortakligi","status":"publish","type":"post","link":"https:\/\/haberbesiktas.tr\/?p=14228","title":{"rendered":"Fenerbah\u00e7e&#8217;de Dzeko ve En Nesyri ortakl\u0131\u011f\u0131"},"content":{"rendered":"<div>\n<p>Fenerbah\u00e7e golc\u00fcleriyle ayakta kal\u0131yor. 38&#8217;lik Edin Dzeko ile harikulade bir seri yakalayan En-Nesyri iki kulvarda gayret eden sar\u0131 lacivertlilerin en b\u00fcy\u00fck kozlar\u0131 olarak dikkati \u00e7ekiyor.\u00a0<\/p>\n<p> Fenerbah\u00e7e, bu d\u00f6nem 34 resmi ma\u00e7ta rakip fileleri 75 kez havaland\u0131r\u0131rken, Dzeko ile En-Nesyri toplam 36 gol sevinci ya\u015fad\u0131.<\/p>\n<p> \u0130ki golc\u00fc toplamda 9 da asist yaparak 45 goll\u00fck katk\u0131yla kadronun skor y\u00fck\u00fcn\u00fcn y\u00fczde 50&#8217;sinden fazlas\u0131- n\u0131 s\u0131rtlad\u0131. Dzeko, (18 gol, 5 asist) bir asist ziyadesiyle grubun en skoreri unvan\u0131n\u0131 korurken, En-Neysri (18 gol, 4 asist) ise 12 golle kadronun ligdeki en skoreri ve \u00fc\u00e7 kulvarda skor \u00fcreten tek oyuncusu.<\/p>\n<p> Youssef En-Nesyri, Fenerbah\u00e7e formas\u0131yla \u00e7\u0131kt\u0131\u011f\u0131 son 10 resm\u00ee ma\u00e7ta 12 gol, 1 asistlik performans\u0131yla parlarken, yaln\u0131zca Konya ve Lyon m\u00fcsabakalar\u0131nda skor katk\u0131s\u0131 sa\u011flayamad\u0131.<\/p>\n<p> <strong>38 YA\u015eINDA I\u015eIK SA\u00c7IYOR<\/strong><\/p>\n<p> Lakin Edin Dzeko&#8217;nun durumu biraz daha farkl\u0131. Fenerbah\u00e7e&#8217;nin 38 ya\u015f\u0131ndaki kaptan\u0131, gen\u00e7lere ta\u015f \u00e7\u0131kart\u0131yor. Dzeko yaln\u0131zca golleriyle de\u011fil, gayretiyle de kadrosu ate\u015flerken, s\u0131rr\u0131n\u0131, &#8220;Kendimi sokakta top oynayan \u00e7ocuk \u00fczere hissediyorum&#8221; kelamlar\u0131yla a\u00e7\u0131kl\u0131yor. D\u00f6nem ba\u015f\u0131nda gelen teklifleri geri \u00e7evirerek kadroda kalmay\u0131 se\u00e7en Bo\u015fnak y\u0131ld\u0131z\u0131n rotasyon oyuncusu olmas\u0131 bekleniyordu fakat o tekrar vazge\u00e7ilmez oldu.<\/p>\n<\/div>\n","protected":false},"excerpt":{"rendered":"<p>Fenerbah\u00e7e&#8217;de Edin Dzeko ile En-Nesyri att\u0131klar\u0131 gollerle sar\u0131 lacivertlilere hayat veriyor.<\/p>\n","protected":false},"author":1,"featured_media":14229,"comment_status":"open","ping_status":"open","sticky":false,"template":"","format":"standard","meta":{"footnotes":""},"categories":[25],"tags":[47,219,77,461],"class_list":["post-14228","post","type-post","status-publish","format-standard","has-post-thumbnail","hentry","category-futbol","tag-asist","tag-dzeko","tag-gol","tag-skor"],"_links":{"self":[{"href":"https:\/\/haberbesiktas.tr\/index.php?rest_route=\/wp\/v2\/posts\/14228","targetHints":{"allow":["GET"]}}],"collection":[{"href":"https:\/\/haberbesiktas.tr\/index.php?rest_route=\/wp\/v2\/posts"}],"about":[{"href":"https:\/\/haberbesiktas.tr\/index.php?rest_route=\/wp\/v2\/types\/post"}],"author":[{"embeddable":true,"href":"https:\/\/haberbesiktas.tr\/index.php?rest_route=\/wp\/v2\/users\/1"}],"replies":[{"embeddable":true,"href":"https:\/\/haberbesiktas.tr\/index.php?rest_route=%2Fwp%2Fv2%2Fcomments&post=14228"}],"version-history":[{"count":1,"href":"https:\/\/haberbesiktas.tr\/index.php?rest_route=\/wp\/v2\/posts\/14228\/revisions"}],"predecessor-version":[{"id":14230,"href":"https:\/\/haberbesiktas.tr\/index.php?rest_route=\/wp\/v2\/posts\/14228\/revisions\/14230"}],"wp:featuredmedia":[{"embeddable":true,"href":"https:\/\/haberbesiktas.tr\/index.php?rest_route=\/wp\/v2\/media\/14229"}],"wp:attachment":[{"href":"https:\/\/haberbesiktas.tr\/index.php?rest_route=%2Fwp%2Fv2%2Fmedia&parent=14228"}],"wp:term":[{"taxonomy":"category","embeddable":true,"href":"https:\/\/haberbesiktas.tr\/index.php?rest_route=%2Fwp%2Fv2%2Fcategories&post=14228"},{"taxonomy":"post_tag","embeddable":true,"href":"https:\/\/haberbesiktas.tr\/index.php?rest_route=%2Fwp%2Fv2%2Ftags&post=14228"}],"curies":[{"name":"wp","href":"https:\/\/api.w.org\/{rel}","templated":true}]}}