{"id":14240,"date":"2025-03-05T03:12:05","date_gmt":"2025-03-05T03:12:05","guid":{"rendered":"https:\/\/haberbesiktas.tr\/?p=14240"},"modified":"2025-03-05T03:12:05","modified_gmt":"2025-03-05T03:12:05","slug":"windhorst-lakers-artik-lebronun-degil-lukanin-takimi","status":"publish","type":"post","link":"https:\/\/haberbesiktas.tr\/?p=14240","title":{"rendered":"Windhorst: &#8220;Lakers art\u0131k LeBron&#8217;un de\u011fil, Luka&#8217;n\u0131n tak\u0131m\u0131&#8221;"},"content":{"rendered":"<div>ESPN analistlerinden Brian Windhorst, Los Angeles Lakers&#8217;\u0131n bundan sonra LeBron James yerine &#8220;Luka Doncic&#8217;in tak\u0131m\u0131&#8221; olaca\u011f\u0131n\u0131 s\u00f6yledi.<\/p>\n<p> James, NBA mesle\u011fi boyunca yer ald\u0131\u011f\u0131 her grubun odak noktas\u0131 olmu\u015f olsa da, Windhorst, Cumartesi g\u00fcn\u00fc Lakers ile Dallas Mavericks ortas\u0131ndaki \u015fok edici takas\u0131n akabinde bu durumun art\u0131k de\u011fi\u015febilece\u011fini arg\u00fcman etti:<\/p>\n<p> <strong>&#8220;LeBron&#8217;un mesle\u011finin her y\u0131l\u0131nda, 21 k\u00fcs\u00fcr d\u00f6nemdir, bulundu\u011fu gruplarda her \u015fey onun \u00fczerinden \u015fekillenirdi. Art\u0131k durum bu t\u00fcrl\u00fc de\u011fil. Lakers&#8217;\u0131n bundan sonra yapaca\u011f\u0131 her \u015fey 77 i\u00e7in olacak. Art\u0131k bu grup Luka Doncic&#8217;in kadrosu.&#8221;<\/strong><\/p>\n<p> Lakers, 25 ya\u015f\u0131ndaki Doncic&#8217;i tak\u0131m\u0131na katan takas paketinin bir mod\u00fcl\u00fc olarak Anthony Davis&#8217;i Mavericks&#8217;e g\u00f6ndermi\u015fti.<\/p>\n<p> James&#8217;in, 2018&#8217;de Lakers&#8217;la kontrat imzalad\u0131\u011f\u0131ndan beri \u00e7ok fazla at\u0131l\u0131mda parma\u011f\u0131 oldu\u011fu d\u00fc\u015f\u00fcn\u00fcl\u00fcyor. 2019&#8217;da grubun <strong>Davis<\/strong> i\u00e7in takas yapmas\u0131na yard\u0131mc\u0131 olurken, grup bu mutabakatla <strong>Lonzo Ball, Brandon Ingram<\/strong> ve<strong> Josh Hart&#8217;tan<\/strong> olu\u015fan gen\u00e7 \u00e7ekirde\u011finden vazge\u00e7mi\u015fti. James&#8217;in ayr\u0131yeten Lakers&#8217;\u0131n 2021&#8217;de <strong>Russell Westbrook<\/strong> i\u00e7in takas yapmas\u0131 i\u00e7in bask\u0131 yapt\u0131\u011f\u0131 s\u00f6ylenirken, ko\u00e7luk tecr\u00fcbesi olmayan eski NBA oyuncusu <strong>JJ Redick&#8217;i<\/strong> kendisinin i\u015fe ald\u0131\u011f\u0131 ve en b\u00fcy\u00fck o\u011flu <strong>Bronny James&#8217;in<\/strong> draft edilmesini sa\u011flad\u0131\u011f\u0131 ise s\u00f6ylentiler ortas\u0131nda yer al\u0131yor.<\/p>\n<\/div>\n","protected":false},"excerpt":{"rendered":"<p>ESPN analistlerinden Brian Windhorst, Los Angeles Lakers&#8217;\u0131n bundan sonra LeBron James yerine &#8220;Luka Doncic&#8217;in tak\u0131m\u0131&#8221; olaca\u011f\u0131n\u0131 s\u00f6yledi.<\/p>\n","protected":false},"author":1,"featured_media":14241,"comment_status":"open","ping_status":"open","sticky":false,"template":"","format":"standard","meta":{"footnotes":""},"categories":[10],"tags":[1551,1022,52],"class_list":["post-14240","post","type-post","status-publish","format-standard","has-post-thumbnail","hentry","category-basketbol","tag-james","tag-lakers","tag-takim"],"_links":{"self":[{"href":"https:\/\/haberbesiktas.tr\/index.php?rest_route=\/wp\/v2\/posts\/14240","targetHints":{"allow":["GET"]}}],"collection":[{"href":"https:\/\/haberbesiktas.tr\/index.php?rest_route=\/wp\/v2\/posts"}],"about":[{"href":"https:\/\/haberbesiktas.tr\/index.php?rest_route=\/wp\/v2\/types\/post"}],"author":[{"embeddable":true,"href":"https:\/\/haberbesiktas.tr\/index.php?rest_route=\/wp\/v2\/users\/1"}],"replies":[{"embeddable":true,"href":"https:\/\/haberbesiktas.tr\/index.php?rest_route=%2Fwp%2Fv2%2Fcomments&post=14240"}],"version-history":[{"count":1,"href":"https:\/\/haberbesiktas.tr\/index.php?rest_route=\/wp\/v2\/posts\/14240\/revisions"}],"predecessor-version":[{"id":14242,"href":"https:\/\/haberbesiktas.tr\/index.php?rest_route=\/wp\/v2\/posts\/14240\/revisions\/14242"}],"wp:featuredmedia":[{"embeddable":true,"href":"https:\/\/haberbesiktas.tr\/index.php?rest_route=\/wp\/v2\/media\/14241"}],"wp:attachment":[{"href":"https:\/\/haberbesiktas.tr\/index.php?rest_route=%2Fwp%2Fv2%2Fmedia&parent=14240"}],"wp:term":[{"taxonomy":"category","embeddable":true,"href":"https:\/\/haberbesiktas.tr\/index.php?rest_route=%2Fwp%2Fv2%2Fcategories&post=14240"},{"taxonomy":"post_tag","embeddable":true,"href":"https:\/\/haberbesiktas.tr\/index.php?rest_route=%2Fwp%2Fv2%2Ftags&post=14240"}],"curies":[{"name":"wp","href":"https:\/\/api.w.org\/{rel}","templated":true}]}}