{"id":14267,"date":"2025-03-05T05:00:05","date_gmt":"2025-03-05T05:00:05","guid":{"rendered":"https:\/\/haberbesiktas.tr\/?p=14267"},"modified":"2025-03-05T05:00:05","modified_gmt":"2025-03-05T05:00:05","slug":"fenerbahce-geri-donuslerle-yaristan-kopmadi","status":"publish","type":"post","link":"https:\/\/haberbesiktas.tr\/?p=14267","title":{"rendered":"Fenerbah\u00e7e &#8220;geri d\u00f6n\u00fc\u015flerle&#8221; yar\u0131\u015ftan kopmad\u0131"},"content":{"rendered":"<div>\n<p>Trendyol Muhte\u015fem Lig&#8217;in 22. haftas\u0131nda 2-0 geriye d\u00fc\u015ft\u00fc\u011f\u00fc \u00c7aykur Rizespor ma\u00e7\u0131ndan 3-2&#8217;lik galibiyetle ayr\u0131lan Fenerbah\u00e7e, ligdeki son 4 ma\u00e7\u0131n\u0131n 3&#8217;\u00fcn\u00fc geriden gelerek kazand\u0131.<\/p>\n<p> Karadeniz temsilcisi kar\u015f\u0131s\u0131nda 6 ve 13. dakikalarda yedi\u011fi gollerle m\u00fcsabakada 2-0 geriye d\u00fc\u015fen sar\u0131-lacivertliler, 45+8. ve 79. dakikalarda Dzeko ve 89. dakikada En-Nesyri&#8217;nin golleriyle alandan 3 puanla ayr\u0131lmay\u0131 ba\u015fard\u0131.<\/p>\n<p> Lige verilen ortan\u0131n akabinde birinci ma\u00e7\u0131nda Ataka\u015f Hatayspor&#8217;u konuk eden ve ma\u00e7tan 2-1&#8217;lik galibiyetle ayr\u0131lan Fenerbah\u00e7e, bu m\u00fcsabakan\u0131n akabinde \u00fcst \u00fcste 2 hafta deplasmanda uzunluk g\u00f6sterdi.<\/p>\n<p> T\u00dcMOSAN Konyaspor kar\u015f\u0131s\u0131nda 25. saniyede geriye d\u00fc\u015fen Fenerbah\u00e7e, kul\u00fcp tarihinin en erken gol\u00fcn\u00fc kalesinde g\u00f6r\u00fcrken birinci yar\u0131s\u0131 2-2 sona eren ma\u00e7tan 3-2 galibiyetle ayr\u0131ld\u0131.\u00a0<\/p>\n<p> Mourinho&#8217;nun ekibi, sonraki lig u\u011fra\u015f\u0131nda Adana Demirspor&#8217;u rakip alanda 4-0&#8217;la ge\u00e7erken ligde 7 ma\u00e7 ortadan sonra kalesinde gol g\u00f6rmedi.\u00a0<\/p>\n<p> <strong>&#8211; Son 3 resmi ma\u00e7ta geriye d\u00fc\u015ft\u00fc<\/strong><\/p>\n<p> Adana Demirspor kar\u015f\u0131la\u015fmas\u0131n\u0131n ard\u0131ndan 2&#8217;si lig, 1&#8217;i UEFA Avrupa Ligi olmak \u00fczere 3 resmi kar\u015f\u0131la\u015fmaya \u00e7\u0131kan Fenerbah\u00e7e bu ma\u00e7larda 2 galibiyet, 1 beraberlik ald\u0131.\u00a0<\/p>\n<p> Ligde G\u00f6ztepe ve \u00c7aykur Rizespor, UEFA Avrupa Ligi&#8217;nde de Danimarka grubu Midtjylland ile kar\u015f\u0131la\u015fan Fenerbah\u00e7e, bu 3 ma\u00e7ta da geriye d\u00fc\u015fen taraf oldu.<\/p>\n<p> \u0130zmir grubu G\u00f6ztepe kar\u015f\u0131s\u0131nda birinci yar\u0131y\u0131 1-0 geride tamamlayan sar\u0131-lacivertliler, ikinci yar\u0131da En-Nesyri (2) ve O\u011fuz Ayd\u0131n&#8217;\u0131n golleriyle 3-2 galip geldi.<\/p>\n<p> Midtjylland deplasman\u0131nda 27. dakikada geriye d\u00fc\u015fen lakin En-Nesyri&#8217;nin gol\u00fcyle birinci yar\u0131y\u0131 1-1 e\u015fitlikle bitiren Fenerbah\u00e7e, ikinci yar\u0131da Dzeko&#8217;nun gol\u00fcyle \u00f6ne ge\u00e7ti lakin 86. dakikada kalesindeki gole mahzur olamayarak alandan 2-2 beraberlikle ayr\u0131ld\u0131.<\/p>\n<p> T\u00dcMOSAN Konyaspor, G\u00f6ztepe ve Midtjylland ma\u00e7lar\u0131nda geriye d\u00fc\u015fmesine kar\u015f\u0131n ma\u011flup olmayan Fenerbah\u00e7e, ligdeki son ma\u00e7\u0131nda \u00c7aykur Rizespor&#8217;u birinci yar\u0131da 2-0 geriye d\u00fc\u015ft\u00fc\u011f\u00fc ma\u00e7ta 3-2 ma\u011flup ederek \u015fampiyonluk yar\u0131\u015f\u0131n\u0131n i\u00e7inde kald\u0131.<\/p>\n<p> <strong>&#8211; &#8220;3-2&#8217;lik&#8221; galibiyetler<\/strong><\/p>\n<p> Ligdeki son 4 ma\u00e7\u0131n 3&#8217;\u00fcnden 3-2&#8217;lik galibiyetle ayr\u0131lan Fenerbah\u00e7e, bu m\u00fcsabakalar\u0131n hepsinde geriye d\u00fc\u015ft\u00fc.<\/p>\n<p> Son haftalarda birinci golleri yedi\u011fi m\u00fcsabakalar\u0131 \u00e7evirmeyi ba\u015faran sar\u0131-lacivertliler, birinci 17 haftal\u0131k d\u00f6nemin akabinde yeniden ba\u015flayan lig \u00e7abas\u0131nda 5 haftay\u0131 kay\u0131ps\u0131z kapatt\u0131 ve puan\u0131n\u0131 51&#8217;e y\u00fckselterek tepe yar\u0131\u015f\u0131ndan kopmad\u0131.<\/p>\n<\/div>\n","protected":false},"excerpt":{"rendered":"<p>Ligde 21 ma\u00e7 sonunda 51 puan toplayan Fenerbah\u00e7e, son 4 ma\u00e7\u0131n 3&#8217;\u00fcnde &#8220;geri d\u00f6n\u00fc\u015f&#8221; yapmay\u0131 ba\u015fard\u0131 ve tepe \u00e7abas\u0131n\u0131 s\u00fcrd\u00fcrd\u00fc.<\/p>\n","protected":false},"author":1,"featured_media":14268,"comment_status":"open","ping_status":"open","sticky":false,"template":"","format":"standard","meta":{"footnotes":""},"categories":[25],"tags":[115,1553,77,51,50],"class_list":["post-14267","post","type-post","status-publish","format-standard","has-post-thumbnail","hentry","category-futbol","tag-fenerbahce","tag-geriye","tag-gol","tag-lig","tag-mac"],"_links":{"self":[{"href":"https:\/\/haberbesiktas.tr\/index.php?rest_route=\/wp\/v2\/posts\/14267","targetHints":{"allow":["GET"]}}],"collection":[{"href":"https:\/\/haberbesiktas.tr\/index.php?rest_route=\/wp\/v2\/posts"}],"about":[{"href":"https:\/\/haberbesiktas.tr\/index.php?rest_route=\/wp\/v2\/types\/post"}],"author":[{"embeddable":true,"href":"https:\/\/haberbesiktas.tr\/index.php?rest_route=\/wp\/v2\/users\/1"}],"replies":[{"embeddable":true,"href":"https:\/\/haberbesiktas.tr\/index.php?rest_route=%2Fwp%2Fv2%2Fcomments&post=14267"}],"version-history":[{"count":1,"href":"https:\/\/haberbesiktas.tr\/index.php?rest_route=\/wp\/v2\/posts\/14267\/revisions"}],"predecessor-version":[{"id":14269,"href":"https:\/\/haberbesiktas.tr\/index.php?rest_route=\/wp\/v2\/posts\/14267\/revisions\/14269"}],"wp:featuredmedia":[{"embeddable":true,"href":"https:\/\/haberbesiktas.tr\/index.php?rest_route=\/wp\/v2\/media\/14268"}],"wp:attachment":[{"href":"https:\/\/haberbesiktas.tr\/index.php?rest_route=%2Fwp%2Fv2%2Fmedia&parent=14267"}],"wp:term":[{"taxonomy":"category","embeddable":true,"href":"https:\/\/haberbesiktas.tr\/index.php?rest_route=%2Fwp%2Fv2%2Fcategories&post=14267"},{"taxonomy":"post_tag","embeddable":true,"href":"https:\/\/haberbesiktas.tr\/index.php?rest_route=%2Fwp%2Fv2%2Ftags&post=14267"}],"curies":[{"name":"wp","href":"https:\/\/api.w.org\/{rel}","templated":true}]}}