{"id":14273,"date":"2025-03-05T05:24:06","date_gmt":"2025-03-05T05:24:06","guid":{"rendered":"https:\/\/haberbesiktas.tr\/?p=14273"},"modified":"2025-03-05T05:24:06","modified_gmt":"2025-03-05T05:24:06","slug":"mark-cuban-luka-takasindan-oturu-saskina-dondu","status":"publish","type":"post","link":"https:\/\/haberbesiktas.tr\/?p=14273","title":{"rendered":"Mark Cuban, Luka takas\u0131ndan \u00f6t\u00fcr\u00fc &#8220;\u015fa\u015fk\u0131na d\u00f6nd\u00fc&#8221;"},"content":{"rendered":"<div>Dallas Mavericks&#8217;in az\u0131nl\u0131k sahibi Mark Cuban&#8217;\u0131n, Luka Doncic&#8217;in Los Angeles Lakers&#8217;a takas edilmesiyle &#8220;\u015fa\u015fk\u0131na d\u00f6nd\u00fc\u011f\u00fc&#8221; tez edildi.<\/p>\n<p> NBA d\u00fcnyas\u0131, Doncic&#8217;in Mavericks&#8217;ten ayr\u0131l\u0131p Lakers&#8217;a gitmesiyle sonu\u00e7lanan yak\u0131n vakitteki b\u00fcy\u00fck takasla \u015foka u\u011frad\u0131. Anthony Davis ve \u00f6teki k\u0131ymetli oyuncular\u0131 da i\u00e7eren b\u00fcy\u00fck muahede, teze nazaran Cuban&#8217;\u0131 bile \u015fa\u015fk\u0131na \u00e7evirdi.<\/p>\n<p> FanDuel TV&#8217;nin &#8216;Run It Back&#8217; program\u0131n\u0131n son k\u0131sm\u0131nda, sunucular Michelle Beadle, Chandler Parsons ve Lou Williams \u015fa\u015f\u0131rtan takas\u0131 tart\u0131\u015ft\u0131.<\/p>\n<p> Beadle&#8217;\u0131n<strong> &#8220;Mark Cuban t\u00fcm bunlar hakk\u0131nda ne d\u00fc\u015f\u00fcn\u00fcyor, merak ediyorum&#8221;<\/strong> tabirine, kendisi de eski bir Mavericks oyuncusu olan Parsons, Cuban ile olan mesajla\u015fmas\u0131n\u0131 payla\u015farak cevap verdi:<\/p>\n<p> <strong>&#8220;Ona<em> &#8216;\u015ea\u015fk\u0131na d\u00f6nd\u00fcm&#8217;<\/em> dedim. Cuban da<em> &#8216;Al benden de o kadar.&#8217;<\/em> dedi.&#8221;<\/strong><\/p>\n<p> Parsons, kendi \u015fa\u015fk\u0131nl\u0131\u011f\u0131na ek olarak, Dallas&#8217;taki de\u011fi\u015fen g\u00f6r\u00fcnt\u00fcye da \u0131\u015f\u0131k tuttu ve Aral\u0131k 2023&#8217;te Mavericks&#8217;teki %73&#8217;l\u00fck pay\u0131n\u0131 satan Cuban&#8217;\u0131n art\u0131k grubun karar alma s\u00fcre\u00e7lerine eskisi kadar dahil olmad\u0131\u011f\u0131n\u0131 belirtti.<\/p>\n<p> Parsonsi, yeni \u00e7o\u011funluk sahiplerinin<strong> &#8220;NBA ve basketbol ile hi\u00e7bir alakas\u0131 olmayan ki\u015filer&#8221;<\/strong> oldu\u011funu da kelamlar\u0131na ekledi.<\/p>\n<p> Lakers b\u00fcy\u00fck takasta Doncic, Maxi Kleber ve Markieff Morris&#8217;i al\u0131rken, Mavericks grubu Davis, Max Christie ve 2029 birinci t\u0131p draft hakk\u0131n\u0131 ald\u0131. Utah Jazz ise Jalen Hood-Schifino ve iki adet ikinci tur se\u00e7imi alarak mutabakat\u0131n tamamlanmas\u0131nda de\u011ferli rol oynad\u0131.<\/p>\n<p> <strong>Mavericks&#8217;in<\/strong> Los Angeles&#8217;a <strong>ilk teklifte bulunan taraf<\/strong> oldu\u011fu ve dahili g\u00f6r\u00fc\u015fmelerin akabinde Lakers&#8217;\u0131n, Doncic&#8217;i uzun vadeli temel ta\u015f\u0131 olarak alma karar\u0131 ald\u0131\u011f\u0131 bildirilmi\u015fti. Mavericks&#8217;in, <strong>Davis&#8217;in<\/strong> eklenmesinin <strong>derin bir playoff maratonu<\/strong> yapma bahtlar\u0131n\u0131 art\u0131raca\u011f\u0131n\u0131 kan\u0131s\u0131 de, noktay\u0131 koyan son geli\u015fme olmu\u015ftu.<\/p>\n<p> \u015eu anda bald\u0131r sakatl\u0131\u011f\u0131 nedeniyle kenarda olan Doncic, buna kar\u015f\u0131n 28,1 say\u0131, 8,3 ribaund ve 7,8 asist ortalamalar\u0131yla bu d\u00f6nem ligin en \u00e2l\u00e2 performans g\u00f6steren oyuncular\u0131ndan biri oldu.<\/p>\n<p> Davis ise 25,7 say\u0131, 11,9 ribaund ve 3,4 asist ortalamalar\u0131yla ki\u015fisel olarak ba\u015far\u0131l\u0131 bir d\u00f6nem ge\u00e7iriyor.<\/p>\n<\/div>\n","protected":false},"excerpt":{"rendered":"<p>Dallas Mavericks&#8217;in az\u0131nl\u0131k sahibi Mark Cuban&#8217;\u0131n, Luka Doncic&#8217;in Los Angeles Lakers&#8217;a takas edilmesiyle &#8220;\u015fa\u015fk\u0131na d\u00f6nd\u00fc\u011f\u00fc&#8221; sav edildi.<\/p>\n","protected":false},"author":1,"featured_media":14274,"comment_status":"open","ping_status":"open","sticky":false,"template":"","format":"standard","meta":{"footnotes":""},"categories":[10],"tags":[1555],"class_list":["post-14273","post","type-post","status-publish","format-standard","has-post-thumbnail","hentry","category-basketbol","tag-mavericks"],"_links":{"self":[{"href":"https:\/\/haberbesiktas.tr\/index.php?rest_route=\/wp\/v2\/posts\/14273","targetHints":{"allow":["GET"]}}],"collection":[{"href":"https:\/\/haberbesiktas.tr\/index.php?rest_route=\/wp\/v2\/posts"}],"about":[{"href":"https:\/\/haberbesiktas.tr\/index.php?rest_route=\/wp\/v2\/types\/post"}],"author":[{"embeddable":true,"href":"https:\/\/haberbesiktas.tr\/index.php?rest_route=\/wp\/v2\/users\/1"}],"replies":[{"embeddable":true,"href":"https:\/\/haberbesiktas.tr\/index.php?rest_route=%2Fwp%2Fv2%2Fcomments&post=14273"}],"version-history":[{"count":1,"href":"https:\/\/haberbesiktas.tr\/index.php?rest_route=\/wp\/v2\/posts\/14273\/revisions"}],"predecessor-version":[{"id":14275,"href":"https:\/\/haberbesiktas.tr\/index.php?rest_route=\/wp\/v2\/posts\/14273\/revisions\/14275"}],"wp:featuredmedia":[{"embeddable":true,"href":"https:\/\/haberbesiktas.tr\/index.php?rest_route=\/wp\/v2\/media\/14274"}],"wp:attachment":[{"href":"https:\/\/haberbesiktas.tr\/index.php?rest_route=%2Fwp%2Fv2%2Fmedia&parent=14273"}],"wp:term":[{"taxonomy":"category","embeddable":true,"href":"https:\/\/haberbesiktas.tr\/index.php?rest_route=%2Fwp%2Fv2%2Fcategories&post=14273"},{"taxonomy":"post_tag","embeddable":true,"href":"https:\/\/haberbesiktas.tr\/index.php?rest_route=%2Fwp%2Fv2%2Ftags&post=14273"}],"curies":[{"name":"wp","href":"https:\/\/api.w.org\/{rel}","templated":true}]}}