{"id":1433,"date":"2025-01-06T08:30:43","date_gmt":"2025-01-06T08:30:43","guid":{"rendered":"https:\/\/haberbesiktas.tr\/?p=1433"},"modified":"2025-01-06T08:30:43","modified_gmt":"2025-01-06T08:30:43","slug":"kayakla-oryantiring-turkiye-sampiyonasi-1-kademe-tamamlandi","status":"publish","type":"post","link":"https:\/\/haberbesiktas.tr\/?p=1433","title":{"rendered":"Kayakla Oryantiring T\u00fcrkiye \u015eampiyonas\u0131 1. Kademe tamamland\u0131"},"content":{"rendered":"<div> Kayakla Oryantiring T\u00fcrkiye \u015eampiyonas\u0131 1. Kademe Yar\u0131\u015f\u0131, Bolu&#8217;nun Gerede il\u00e7esinde sona erdi.<\/p>\n<p> T\u00fcrkiye Kayak Federasyonu 2024-25 faaliyet program\u0131nda yer alan \u015fampiyonan\u0131n ikinci g\u00fcn\u00fc, Gerede Arkut Kayakl\u0131 Ko\u015fu ve Biathlon Merkezi&#8217;nde yap\u0131lan yar\u0131\u015flar\u0131n akabinde tamamland\u0131.<\/p>\n<p> Yar\u0131\u015flara, 9 vilayet, 13 kul\u00fcpten 49 sportmen kat\u0131ld\u0131.<\/p>\n<p> \u00c7abalar\u0131n sonunda dereceye giren atletlere madalyalar\u0131, Bolu Valisi Abdulaziz Ayd\u0131n, Gerede Kaymakam\u0131 Fatih Kaya, Gerede Belediye Ba\u015fkan\u0131 Mustafa Allar, T\u00fcrkiye Oryantiring Federasyonu Lideri Atilla G\u00fcler, Gen\u00e7lik ve Spor Vilayet M\u00fcd\u00fcr\u00fc Emrullah G\u00fcler taraf\u0131ndan verildi.<\/p>\n<div>\u00a0<\/div>\n<\/p><\/div>\n<div>\u00a0<\/div>\n","protected":false},"excerpt":{"rendered":"<p>Kayakla Oryantiring T\u00fcrkiye \u015eampiyonas\u0131 1. Kademe Yar\u0131\u015f\u0131, Bolu&#8217;nun Gerede il\u00e7esinde tamamland\u0131.<\/p>\n","protected":false},"author":1,"featured_media":1434,"comment_status":"open","ping_status":"open","sticky":false,"template":"","format":"standard","meta":{"footnotes":""},"categories":[27],"tags":[],"class_list":["post-1433","post","type-post","status-publish","format-standard","has-post-thumbnail","hentry","category-guncel-haberler"],"_links":{"self":[{"href":"https:\/\/haberbesiktas.tr\/index.php?rest_route=\/wp\/v2\/posts\/1433","targetHints":{"allow":["GET"]}}],"collection":[{"href":"https:\/\/haberbesiktas.tr\/index.php?rest_route=\/wp\/v2\/posts"}],"about":[{"href":"https:\/\/haberbesiktas.tr\/index.php?rest_route=\/wp\/v2\/types\/post"}],"author":[{"embeddable":true,"href":"https:\/\/haberbesiktas.tr\/index.php?rest_route=\/wp\/v2\/users\/1"}],"replies":[{"embeddable":true,"href":"https:\/\/haberbesiktas.tr\/index.php?rest_route=%2Fwp%2Fv2%2Fcomments&post=1433"}],"version-history":[{"count":1,"href":"https:\/\/haberbesiktas.tr\/index.php?rest_route=\/wp\/v2\/posts\/1433\/revisions"}],"predecessor-version":[{"id":1435,"href":"https:\/\/haberbesiktas.tr\/index.php?rest_route=\/wp\/v2\/posts\/1433\/revisions\/1435"}],"wp:featuredmedia":[{"embeddable":true,"href":"https:\/\/haberbesiktas.tr\/index.php?rest_route=\/wp\/v2\/media\/1434"}],"wp:attachment":[{"href":"https:\/\/haberbesiktas.tr\/index.php?rest_route=%2Fwp%2Fv2%2Fmedia&parent=1433"}],"wp:term":[{"taxonomy":"category","embeddable":true,"href":"https:\/\/haberbesiktas.tr\/index.php?rest_route=%2Fwp%2Fv2%2Fcategories&post=1433"},{"taxonomy":"post_tag","embeddable":true,"href":"https:\/\/haberbesiktas.tr\/index.php?rest_route=%2Fwp%2Fv2%2Ftags&post=1433"}],"curies":[{"name":"wp","href":"https:\/\/api.w.org\/{rel}","templated":true}]}}