{"id":14374,"date":"2025-03-05T12:00:08","date_gmt":"2025-03-05T12:00:08","guid":{"rendered":"https:\/\/haberbesiktas.tr\/?p=14374"},"modified":"2025-03-05T12:00:08","modified_gmt":"2025-03-05T12:00:08","slug":"fim-dunya-kar-motosikleti-sampiyonasinin-tanitim-toplantisi-yapildi","status":"publish","type":"post","link":"https:\/\/haberbesiktas.tr\/?p=14374","title":{"rendered":"FIM D\u00fcnya Kar Motosikleti \u015eampiyonas\u0131&#8217;n\u0131n tan\u0131t\u0131m toplant\u0131s\u0131 yap\u0131ld\u0131"},"content":{"rendered":"<p>Kayseri&#8217;nin mesken sahipli\u011finde 15-16 Mart&#8217;ta Erciyes&#8217;te ikinci defa d\u00fczenlenecek Milletleraras\u0131 Motosiklet Federasyonu (FIM)\u00a0D\u00fcnya\u00a0Kar\u00a0Motosikleti\u00a0\u015eampiyonas\u0131&#8217;n\u0131n (SNX T\u00fcrkiye)\u00a0tan\u0131t\u0131m\u00a0toplant\u0131s\u0131\u00a0ger\u00e7ekle\u015ftirildi.<\/p>\n<p> Vadi \u0130stanbul&#8217;daki Radisson Collection Hotel&#8217;de yap\u0131lan toplant\u0131ya Kayseri Valisi G\u00f6kmen \u00c7i\u00e7ek, AK Parti Kayseri Milletvekili Murat Cahid C\u0131ng\u0131, Kayseri B\u00fcy\u00fck\u015fehir Belediye Ba\u015fkan\u0131 Memduh B\u00fcy\u00fckk\u0131l\u0131\u00e7, T\u00fcrkiye Motosiklet Federasyonu Lideri Mehmet Sad\u0131k Vefa, Kayseri Erciyes A\u015e Y\u00f6netim Kurulu Lideri Hamdi Elcuman ve davetliler kat\u0131ld\u0131.<\/p>\n<p> Murat Cahid C\u0131ng\u0131, toplant\u0131da yapt\u0131\u011f\u0131 konu\u015fmada, T\u00fcrkiye&#8217;de bir\u00e7ok spor kolunda birincileri ger\u00e7ekle\u015ftirdiklerini tabir ederek, \u015funlar\u0131 s\u00f6yledi:<\/p>\n<p> &#8220;\u0130lk g\u00fcnden itibaren Erciyes&#8217;te yaln\u0131zca k\u0131\u015f sporlar\u0131n\u0131 de\u011fil, birebir vakitte t\u00fcm da\u011f sporlar\u0131n\u0131 \u00f6nceliyoruz. Erciyes,\u00a0d\u00fcnyadan bir\u00e7ok insan\u0131n ziyaret etti\u011fi bir yer ve da\u011flar\u0131m\u0131z \u00fclkemizin en de\u011ferli kaynaklar\u0131ndan bir tanesi. Hayalimiz, \u00fclkemizdeki t\u00fcm da\u011flar\u0131 turizm merkezi haline getirmek ve yaz\u0131n elde etti\u011fimiz turizm muvaffakiyetini k\u0131\u015fa da ta\u015f\u0131makt\u0131r.&#8221;<\/p>\n<p> Kayseri B\u00fcy\u00fck\u015fehir Belediye Ba\u015fkan\u0131 Memduh B\u00fcy\u00fckk\u0131l\u0131\u00e7 ise tertibe en ho\u015f formda mesken sahipli\u011fi yapacaklar\u0131n\u0131 lisana getirerek, &#8220;\u00c7ok manal\u0131 bir organizasyonday\u0131z. Eme\u011fi ge\u00e7en herkese te\u015fekk\u00fcrlerimi sunuyorum. Erciyes Kayak Merkezi, c\u00fcmb\u00fc\u015f boyutunun \u00f6tesinde memleketler aras\u0131 standartta bir kayak merkezi. Kayseri, herkesin \u00f6vg\u00fcyle bahsedece\u011fi bir kent pozisyonunda. De\u011fi\u015fik etkinliklere f\u0131rsat vermek istiyoruz.&#8221; diye konu\u015ftu.<\/p>\n<p> Kayseri Erciyes A\u015e Y\u00f6netim Kurulu Lideri Hamdi Elcuman da T\u00fcrkiye&#8217;nin birinci profesyonel da\u011f idare \u015firketi olduklar\u0131n\u0131 belirterek, Erciyes&#8217;i bir\u00a0d\u00fcnya\u00a0markas\u0131 haline getirmek istediklerinin alt\u0131n\u0131 \u00e7izdi.<\/p>\n<p> <strong>&#8211; Vefa: &#8220;\u00dclkemizin de\u011ferlerini\u00a0d\u00fcnyaya ta\u015f\u0131yoruz&#8221;<\/strong><\/p>\n<p> T\u00fcrkiye Motosiklet Federasyonu Ba\u015fkan\u0131 Mehmet Sad\u0131k Vefa, spor turizmi kapsam\u0131nda T\u00fcrkiye&#8217;nin de\u011ferlerini\u00a0d\u00fcnyaya ula\u015ft\u0131rd\u0131klar\u0131n\u0131 belirtti.<\/p>\n<p> Vefa, d\u00f6nemi b\u00fcy\u00fck bir tertiple a\u00e7t\u0131klar\u0131 i\u00e7in keyifli olduklar\u0131n\u0131 kaydederek, &#8220;Ge\u00e7ti\u011fimiz sene 3 farkl\u0131 tertip d\u00fczenledik. Bu sene de bunu tekrar edece\u011fiz ve farkl\u0131 kollar i\u00e7in de \u00e7al\u0131\u015fmalar\u0131m\u0131z\u0131 s\u00fcrd\u00fcr\u00fcyoruz. Erciyes&#8217;te ikinci kere yap\u0131lacak tertipte kendi atletlerimizle gayret edece\u011fiz. \u0130n\u015fallah onlar\u0131 \u015fampiyon olarak da g\u00f6r\u00fcr\u00fcz. Eme\u011fi ge\u00e7en herkese te\u015fekk\u00fcrlerimi sunuyorum.&#8221; de\u011ferlendirmesinde bulundu.<\/p>\n<p> Toplant\u0131, \u00e7ekilen hat\u0131ra foto\u011fraf\u0131yla sona erdi.<\/p>\n","protected":false},"excerpt":{"rendered":"<p>Milletleraras\u0131 Motosiklet Federasyonu (FIM) D\u00fcnya Kar Motosikleti \u015eampiyonas\u0131&#8217;n\u0131n (SNX T\u00fcrkiye) tan\u0131t\u0131m toplant\u0131s\u0131 ger\u00e7ekle\u015ftirildi.<\/p>\n","protected":false},"author":1,"featured_media":14375,"comment_status":"open","ping_status":"open","sticky":false,"template":"","format":"standard","meta":{"footnotes":""},"categories":[27],"tags":[171,521,1566,1567,222],"class_list":["post-14374","post","type-post","status-publish","format-standard","has-post-thumbnail","hentry","category-guncel-haberler","tag-baskani","tag-erciyes","tag-kayseri","tag-organizasyon","tag-turkiye"],"_links":{"self":[{"href":"https:\/\/haberbesiktas.tr\/index.php?rest_route=\/wp\/v2\/posts\/14374","targetHints":{"allow":["GET"]}}],"collection":[{"href":"https:\/\/haberbesiktas.tr\/index.php?rest_route=\/wp\/v2\/posts"}],"about":[{"href":"https:\/\/haberbesiktas.tr\/index.php?rest_route=\/wp\/v2\/types\/post"}],"author":[{"embeddable":true,"href":"https:\/\/haberbesiktas.tr\/index.php?rest_route=\/wp\/v2\/users\/1"}],"replies":[{"embeddable":true,"href":"https:\/\/haberbesiktas.tr\/index.php?rest_route=%2Fwp%2Fv2%2Fcomments&post=14374"}],"version-history":[{"count":1,"href":"https:\/\/haberbesiktas.tr\/index.php?rest_route=\/wp\/v2\/posts\/14374\/revisions"}],"predecessor-version":[{"id":14376,"href":"https:\/\/haberbesiktas.tr\/index.php?rest_route=\/wp\/v2\/posts\/14374\/revisions\/14376"}],"wp:featuredmedia":[{"embeddable":true,"href":"https:\/\/haberbesiktas.tr\/index.php?rest_route=\/wp\/v2\/media\/14375"}],"wp:attachment":[{"href":"https:\/\/haberbesiktas.tr\/index.php?rest_route=%2Fwp%2Fv2%2Fmedia&parent=14374"}],"wp:term":[{"taxonomy":"category","embeddable":true,"href":"https:\/\/haberbesiktas.tr\/index.php?rest_route=%2Fwp%2Fv2%2Fcategories&post=14374"},{"taxonomy":"post_tag","embeddable":true,"href":"https:\/\/haberbesiktas.tr\/index.php?rest_route=%2Fwp%2Fv2%2Ftags&post=14374"}],"curies":[{"name":"wp","href":"https:\/\/api.w.org\/{rel}","templated":true}]}}