{"id":14377,"date":"2025-03-05T12:12:09","date_gmt":"2025-03-05T12:12:09","guid":{"rendered":"https:\/\/haberbesiktas.tr\/?p=14377"},"modified":"2025-03-05T12:12:09","modified_gmt":"2025-03-05T12:12:09","slug":"a-milli-kadin-basketbol-takimi-izlanda-macinda-destek-bekliyor","status":"publish","type":"post","link":"https:\/\/haberbesiktas.tr\/?p=14377","title":{"rendered":"A Milli Kad\u0131n Basketbol Tak\u0131m\u0131, \u0130zlanda ma\u00e7\u0131nda destek bekliyor"},"content":{"rendered":"<div>\n<div> A\u00a0Milli\u00a0Kad\u0131n\u00a0Basketbol\u00a0Tak\u0131m\u0131 oyuncular\u0131 \u0130layda\u00a0G\u00fcner ve Melek Uzuno\u011flu, 6 \u015eubat Per\u015fembe g\u00fcn\u00fc\u00a0Kocaeli&#8217;de\u00a0\u0130zlanda\u00a0ile yapacaklar\u0131 ma\u00e7ta\u00a0taraftarlar\u0131n takviyesinin \u00e7ok de\u011ferli olaca\u011f\u0131n\u0131 belirtti.<\/p>\n<p> Milli\u00a0basketbolcular \u0130layda\u00a0G\u00fcner ve Melek Uzuno\u011flu,\u00a0AA\u00a0muhabirine\u00a0a\u00e7\u0131klamalarda\u00a0bulundu.<\/p>\n<p> Milli\u00a0tak\u0131m\u0131n\u00a0Avrupa\u00a0\u015eampiyonas\u0131 Elemeleri&#8217;ndeki genel performans\u0131na\u00a0de\u011finen \u0130layda\u00a0G\u00fcner, &#8220;4&#8217;te 4 yapt\u0131\u011f\u0131m\u0131z i\u00e7in hepimiz mutluyuz\u00a0ama\u00a0bu bize yetmeyecek. Art\u0131k de\u011ferli iki tane ma\u00e7\u0131m\u0131z var. Bu\u00a0a\u015famay\u0131 6&#8217;da\u00a06&#8217;yla\u00a0ge\u00e7mek istiyoruz. Birinci 4 ma\u00e7, bizim \u00e7ok uygun oldu.\u00a0\u0130zlanda\u00a0ve Romanya\u00a0gibi gruplarla kar\u015f\u0131la\u015ft\u0131k. Biraz\u00a0\u0130zlanda\u00a0deplasman\u0131nda\u00a0yorulduk. Orada\u00a0daha\u00a0iyi oynamay\u0131 planl\u0131yorduk\u00a0ama\u00a0bu sefer daha\u00a0iyi olaca\u011f\u0131m\u0131za\u00a0eminiz zira s\u0131radaki ma\u00e7\u0131 konutumuzda oynayaca\u011f\u0131z.&#8221; tabirlerini kulland\u0131.<\/p>\n<p> S\u0131radaki Romanya\u00a0ve\u00a0\u0130zlanda\u00a0ma\u00e7lar\u0131n\u0131 k\u0131ymetlendiren \u0130layda, &#8220;Romanya&#8217;y\u0131 neredeyse 50 say\u0131 farkla\u00a0yendik. Bence Romanya&#8217;n\u0131n her \u015feyi de\u011fi\u015ftirip kar\u015f\u0131m\u0131za\u00a0\u00e7\u0131kmas\u0131 laz\u0131m. Birka\u00e7 yazd\u0131r bir arada egzersiz yap\u0131yoruz.\u00a0Art\u0131k buralara\u00a0haz\u0131r oldu\u011fumuzu d\u00fc\u015f\u00fcn\u00fcyorum.\u00a0\u0130zlanda\u00a0\u015fimdi saham\u0131za\u00a0gelecek ve bu durum da\u00a0ma\u00e7ta\u00a0fark yaratacak.&#8221; de\u011ferlendirmesinde bulundu.<\/p>\n<p> Kocaeli&#8217;deki\u00a0\u0130zlanda\u00a0ma\u00e7\u0131nda\u00a0olu\u015facak\u00a0atmosfere de\u011finen \u0130layda\u00a0G\u00fcner, &#8220;Milli\u00a0tak\u0131m formas\u0131yla\u00a0b\u00f6yle bir ma\u00e7ta\u00a0oynamak \u00e7ok gurur verici. \u0130zmit halk\u0131, salonu \u00e7ok inan\u0131lmaz bir formda dolduruyor. Onlar\u0131n g\u00fcc\u00fcyle daha\u00a0iyi oynuyoruz. Onlar\u0131n bize katt\u0131\u011f\u0131 g\u00fc\u00e7le daha\u00a0iyi oynayaca\u011f\u0131m\u0131za\u00a0eminim.&#8221; formunda konu\u015ftu.<\/p>\n<p> <strong>&#8211; Melek Uzuno\u011flu: &#8220;\u0130n\u015fallah\u00a0Avrupa\u00a0\u015eampiyonas\u0131&#8217;nda\u00a0da\u00a0ayn\u0131 bi\u00e7imde performans\u0131m\u0131za\u00a0devam ederiz&#8221;<\/strong><\/p>\n<p> Melek Uzuno\u011flu ise\u00a0Avrupa\u00a0\u015eampiyonas\u0131&#8217;n\u0131n elemelerinin\u00a0milli\u00a0tak\u0131m i\u00e7in \u00e7ok ho\u015f ge\u00e7ti\u011fini belirterek, &#8220;Elemelerde herkes \u00e7ok ho\u015f u\u011fra\u015f etti. Ufak bir sakatl\u0131\u011f\u0131m oldu\u011fu i\u00e7in ben kat\u0131lamad\u0131m. \u0130zledi\u011fimde herkesle gurur duydum. \u00c7ok ho\u015f bir formda 4&#8217;te 4 yapt\u0131k. \u0130n\u015fallah\u00a0Avrupa\u00a0\u015eampiyonas\u0131&#8217;nda\u00a0da\u00a0ayn\u0131 halde performans\u0131m\u0131za\u00a0devam ederiz. Herkes bunun i\u00e7in \u00e7al\u0131\u015f\u0131yor.\u00a0Antrenmanlar\u0131m\u0131z ve kamplar\u0131m\u0131z yak\u0131nda\u00a0ba\u015flayacak. Haz\u0131rl\u0131klar\u0131m\u0131za\u00a0yine devam edece\u011fiz.&#8221; de\u011ferlendirmesinde bulundu.<\/p>\n<p> Melek, gen\u00e7 oyuncular ile deneyimli oyuncular\u0131n tak\u0131mda\u00a0beraber yer\u00a0almas\u0131yla\u00a0ilgili ise &#8220;Biz, gen\u00e7ler olarak\u00a0ablalar\u0131m\u0131za\u00a0kat\u0131lmaya\u00a0\u00e7al\u0131\u015f\u0131yoruz. Onlara\u00a0daha\u00a0\u00e7ok g\u00fc\u00e7 ve g\u00fc\u00e7 vermeye \u00e7al\u0131\u015f\u0131yoruz. \u0130n\u015fallah bu kampta\u00a0ve ma\u00e7larda\u00a0onlara\u00a0daha\u00a0fazla\u00a0katk\u0131 ve g\u00fc\u00e7 verece\u011fiz. Onlar\u0131n da\u00a0tecr\u00fcbelerinden faydalanaca\u011f\u0131z. Onlar\u0131n da\u00a0bize \u00f6rnek olaca\u011f\u0131na\u00a0eminim.&#8221; tabirlerini kulland\u0131.<\/p>\n<p> Kocaeli&#8217;deki Slovakya\u00a0ma\u00e7\u0131nda\u00a0harika\u00a0bir\u00a0atmosfer olu\u015ftu\u011funu lisana getiren Melek, &#8220;Slovakya\u00a0kar\u015f\u0131la\u015fmas\u0131ndaki\u00a0atmosferi izledi\u011fimde t\u00fcylerim diken diken olmu\u015ftu.\u00a0Kocaeli&#8217;deki\u00a0\u0130zlanda\u00a0ma\u00e7\u0131nda\u00a0da\u00a0b\u00fct\u00fcn taraftarlar\u0131m\u0131z\u0131 salona\u00a0bekliyoruz. \u0130n\u015fallah kar\u015f\u0131la\u015fmaya\u00a0gelirler. Onlar\u0131n dayana\u011f\u0131 bizim i\u00e7in \u00e7ok k\u0131ymetli. Her zaman\u00a0arkam\u0131zda\u00a0olmalar\u0131n\u0131 istiyoruz. Onlar yan\u0131m\u0131zdayken daha\u00a0g\u00fc\u00e7l\u00fcy\u00fcz.&#8221; formunda konu\u015ftu.<\/p>\n<p> S\u0131radaki\u00a0\u0130zlanda\u00a0ve Romanya\u00a0ma\u00e7lar\u0131n\u0131n daha\u00a0rahat ge\u00e7ece\u011fini vurgulayan Melek, &#8220;Romanya\u00a0ve\u00a0\u0130zlanda\u00a0ile daha\u00a0\u00f6nce oynad\u0131\u011f\u0131m\u0131z i\u00e7in onlara\u00a0kar\u015f\u0131 bir deneyimimiz var. Rakiplerimize art\u0131k daha\u00a0kolay \u00e7al\u0131\u015fabilece\u011fiz. Disiplinimizi de ma\u00e7lara\u00a0g\u00f6re\u00a0ayarlayaca\u011f\u0131z. Daha\u00a0\u00f6nce onlara\u00a0kar\u015f\u0131 oynad\u0131\u011f\u0131m\u0131z i\u00e7in oyuncular\u0131n\u0131 tan\u0131yoruz. Evvelki ma\u00e7lara\u00a0g\u00f6re daha\u00a0g\u00fczel bir kar\u015f\u0131la\u015fma\u00a0olacak.&#8221; de\u011ferlendirmesinde bulundu.<\/p>\n<div>\u00a0<\/div>\n<\/p><\/div>\n<div>\u00a0<\/div>\n<\/div>\n","protected":false},"excerpt":{"rendered":"<p>A Ulusal Bayan Basketbol Ekibi oyuncular\u0131 \u0130layda G\u00fcner ve Melek Uzuno\u011flu, 6 \u015eubat Per\u015fembe g\u00fcn\u00fc Kocaeli&#8217;de \u0130zlanda ile yapacaklar\u0131 ma\u00e7 \u00f6ncesinde a\u00e7\u0131klamalarda bul\u0131undu.<\/p>\n","protected":false},"author":1,"featured_media":14378,"comment_status":"open","ping_status":"open","sticky":false,"template":"","format":"standard","meta":{"footnotes":""},"categories":[10],"tags":[1568,362,1569],"class_list":["post-14377","post","type-post","status-publish","format-standard","has-post-thumbnail","hentry","category-basketbol","tag-melek","tag-onlar","tag-onlarin"],"_links":{"self":[{"href":"https:\/\/haberbesiktas.tr\/index.php?rest_route=\/wp\/v2\/posts\/14377","targetHints":{"allow":["GET"]}}],"collection":[{"href":"https:\/\/haberbesiktas.tr\/index.php?rest_route=\/wp\/v2\/posts"}],"about":[{"href":"https:\/\/haberbesiktas.tr\/index.php?rest_route=\/wp\/v2\/types\/post"}],"author":[{"embeddable":true,"href":"https:\/\/haberbesiktas.tr\/index.php?rest_route=\/wp\/v2\/users\/1"}],"replies":[{"embeddable":true,"href":"https:\/\/haberbesiktas.tr\/index.php?rest_route=%2Fwp%2Fv2%2Fcomments&post=14377"}],"version-history":[{"count":1,"href":"https:\/\/haberbesiktas.tr\/index.php?rest_route=\/wp\/v2\/posts\/14377\/revisions"}],"predecessor-version":[{"id":14379,"href":"https:\/\/haberbesiktas.tr\/index.php?rest_route=\/wp\/v2\/posts\/14377\/revisions\/14379"}],"wp:featuredmedia":[{"embeddable":true,"href":"https:\/\/haberbesiktas.tr\/index.php?rest_route=\/wp\/v2\/media\/14378"}],"wp:attachment":[{"href":"https:\/\/haberbesiktas.tr\/index.php?rest_route=%2Fwp%2Fv2%2Fmedia&parent=14377"}],"wp:term":[{"taxonomy":"category","embeddable":true,"href":"https:\/\/haberbesiktas.tr\/index.php?rest_route=%2Fwp%2Fv2%2Fcategories&post=14377"},{"taxonomy":"post_tag","embeddable":true,"href":"https:\/\/haberbesiktas.tr\/index.php?rest_route=%2Fwp%2Fv2%2Ftags&post=14377"}],"curies":[{"name":"wp","href":"https:\/\/api.w.org\/{rel}","templated":true}]}}