{"id":14380,"date":"2025-03-05T12:24:08","date_gmt":"2025-03-05T12:24:08","guid":{"rendered":"https:\/\/haberbesiktas.tr\/?p=14380"},"modified":"2025-03-05T12:24:08","modified_gmt":"2025-03-05T12:24:08","slug":"besiktas-icin-geliyor-tom-green","status":"publish","type":"post","link":"https:\/\/haberbesiktas.tr\/?p=14380","title":{"rendered":"Be\u015fikta\u015f i\u00e7in geliyor: Tom Green"},"content":{"rendered":"<div>Be\u015fikta\u015f&#8217;ta teknik y\u00f6netici Ole Gunnar Solskjaer&#8217;in grubuna Manchester United&#8217;dan destek geldi.<\/p>\n<p> Manchester United&#8217;da performans analisti olarak vazife yapan Tom Green, Be\u015fikta\u015f&#8217;a kat\u0131lacak ve teknik y\u00f6netici Ole Gunnar Solskjaer&#8217;in grubunda yer alacak.<\/p>\n<p> Green&#8217;in Be\u015fikta\u015f i\u00e7in bug\u00fcn (sal\u0131) \u0130stanbul&#8217;a gelmesi ve \u00e7al\u0131\u015fmalara ba\u015flamas\u0131 bekleniyor.<\/p>\n<p> 2017 y\u0131l\u0131ndan bu yana Manchester United&#8217;da \u00e7al\u0131\u015fan Green, \u0130ngiliz grubunda Ole Gunnar Solskjaer ile birlikte de vazife yapm\u0131\u015ft\u0131.<\/p>\n<p> 33 ya\u015f\u0131ndaki Green, daha evvel; Stoke City, Burton Albion ve Derby \u00fczere ekiplerde \u00e7al\u0131\u015ft\u0131.<\/p>\n<\/div>\n","protected":false},"excerpt":{"rendered":"<p>Manchester United&#8217;da tahlilci olarak misyon alan Tom Green, Be\u015fikta\u015f&#8217;ta Ole Gunnar Solskjaer&#8217;in grubuna kat\u0131ld\u0131. Green, bug\u00fcn (sal\u0131) \u0130stanbul&#8217;da olacak ve \u00e7al\u0131\u015fmalara ba\u015flayacak.<\/p>\n","protected":false},"author":1,"featured_media":14381,"comment_status":"open","ping_status":"open","sticky":false,"template":"","format":"standard","meta":{"footnotes":""},"categories":[25],"tags":[],"class_list":["post-14380","post","type-post","status-publish","format-standard","has-post-thumbnail","hentry","category-futbol"],"_links":{"self":[{"href":"https:\/\/haberbesiktas.tr\/index.php?rest_route=\/wp\/v2\/posts\/14380","targetHints":{"allow":["GET"]}}],"collection":[{"href":"https:\/\/haberbesiktas.tr\/index.php?rest_route=\/wp\/v2\/posts"}],"about":[{"href":"https:\/\/haberbesiktas.tr\/index.php?rest_route=\/wp\/v2\/types\/post"}],"author":[{"embeddable":true,"href":"https:\/\/haberbesiktas.tr\/index.php?rest_route=\/wp\/v2\/users\/1"}],"replies":[{"embeddable":true,"href":"https:\/\/haberbesiktas.tr\/index.php?rest_route=%2Fwp%2Fv2%2Fcomments&post=14380"}],"version-history":[{"count":1,"href":"https:\/\/haberbesiktas.tr\/index.php?rest_route=\/wp\/v2\/posts\/14380\/revisions"}],"predecessor-version":[{"id":14382,"href":"https:\/\/haberbesiktas.tr\/index.php?rest_route=\/wp\/v2\/posts\/14380\/revisions\/14382"}],"wp:featuredmedia":[{"embeddable":true,"href":"https:\/\/haberbesiktas.tr\/index.php?rest_route=\/wp\/v2\/media\/14381"}],"wp:attachment":[{"href":"https:\/\/haberbesiktas.tr\/index.php?rest_route=%2Fwp%2Fv2%2Fmedia&parent=14380"}],"wp:term":[{"taxonomy":"category","embeddable":true,"href":"https:\/\/haberbesiktas.tr\/index.php?rest_route=%2Fwp%2Fv2%2Fcategories&post=14380"},{"taxonomy":"post_tag","embeddable":true,"href":"https:\/\/haberbesiktas.tr\/index.php?rest_route=%2Fwp%2Fv2%2Ftags&post=14380"}],"curies":[{"name":"wp","href":"https:\/\/api.w.org\/{rel}","templated":true}]}}