{"id":14383,"date":"2025-03-05T12:36:09","date_gmt":"2025-03-05T12:36:09","guid":{"rendered":"https:\/\/haberbesiktas.tr\/?p=14383"},"modified":"2025-03-05T12:36:09","modified_gmt":"2025-03-05T12:36:09","slug":"simon-rolfes-wirtz-de-alonso-da-rahat-hissediyor","status":"publish","type":"post","link":"https:\/\/haberbesiktas.tr\/?p=14383","title":{"rendered":"Simon Rolfes: &#8220;Wirtz de Alonso da rahat hissediyor&#8221;"},"content":{"rendered":"<div>Bundesliga tak\u0131mlar\u0131ndan Bayer Leverkusen&#8217;de y\u00f6netici sportif y\u00f6netici Simon Rolfes, teknik y\u00f6netici Xabi Alonso ve futbolcu Florian Wirtz hakk\u0131nda a\u00e7\u0131klamalar yapt\u0131.\u00a0<\/p>\n<p>Rolfes, &#8220;Evet, her ikisini de yaz sonras\u0131nda kul\u00fcpte tutma ihtimalimiz var. Her ikisinin de mukaveleleri var ve kendilerini rahat hissediyorlar&#8221; dedi.\u00a0<\/p>\n<p><strong>&#8220;\u0130MZA HALA EKS\u0130K&#8221;<\/strong><\/p>\n<p>Wirtz&#8217;in uzat\u0131lmas\u0131n\u0131 beklenen mukavelesi hakk\u0131nda da konu\u015fan Alman y\u00f6netici, &#8220;\u0130mza hala eksik, aksi takdirde al\u0131\u015f\u0131lm\u0131\u015f ki duyururduk. Birtak\u0131m ayr\u0131nt\u0131lar\u0131n hala netle\u015ftirilmesi gerekiyor, lakin bunlar\u0131 \u015fu anda kamuoyu \u00f6n\u00fcnde tart\u0131\u015fmayaca\u011f\u0131m.&#8221; kelamlar\u0131n\u0131 sarf etti.\u00a0<\/p>\n<p>Ge\u00e7en d\u00f6nem Bundesliga&#8217;da ipi g\u00f6\u011f\u00fcsleyen grup, bu d\u00f6nem ba\u015fkan Bayern M\u00fcnih&#8217;in gerisinde, 2. s\u0131rada bulunuyor.<\/p><\/div>\n","protected":false},"excerpt":{"rendered":"<p>Bayer Leverkusen Y\u00f6netici Sportif Y\u00f6neticisi Simon Rolfes, Florian Wirtz ve Xabi Alonso hakk\u0131nda a\u00e7\u0131klamalarda bulundu.<\/p>\n","protected":false},"author":1,"featured_media":14384,"comment_status":"open","ping_status":"open","sticky":false,"template":"","format":"standard","meta":{"footnotes":""},"categories":[25],"tags":[],"class_list":["post-14383","post","type-post","status-publish","format-standard","has-post-thumbnail","hentry","category-futbol"],"_links":{"self":[{"href":"https:\/\/haberbesiktas.tr\/index.php?rest_route=\/wp\/v2\/posts\/14383","targetHints":{"allow":["GET"]}}],"collection":[{"href":"https:\/\/haberbesiktas.tr\/index.php?rest_route=\/wp\/v2\/posts"}],"about":[{"href":"https:\/\/haberbesiktas.tr\/index.php?rest_route=\/wp\/v2\/types\/post"}],"author":[{"embeddable":true,"href":"https:\/\/haberbesiktas.tr\/index.php?rest_route=\/wp\/v2\/users\/1"}],"replies":[{"embeddable":true,"href":"https:\/\/haberbesiktas.tr\/index.php?rest_route=%2Fwp%2Fv2%2Fcomments&post=14383"}],"version-history":[{"count":1,"href":"https:\/\/haberbesiktas.tr\/index.php?rest_route=\/wp\/v2\/posts\/14383\/revisions"}],"predecessor-version":[{"id":14385,"href":"https:\/\/haberbesiktas.tr\/index.php?rest_route=\/wp\/v2\/posts\/14383\/revisions\/14385"}],"wp:featuredmedia":[{"embeddable":true,"href":"https:\/\/haberbesiktas.tr\/index.php?rest_route=\/wp\/v2\/media\/14384"}],"wp:attachment":[{"href":"https:\/\/haberbesiktas.tr\/index.php?rest_route=%2Fwp%2Fv2%2Fmedia&parent=14383"}],"wp:term":[{"taxonomy":"category","embeddable":true,"href":"https:\/\/haberbesiktas.tr\/index.php?rest_route=%2Fwp%2Fv2%2Fcategories&post=14383"},{"taxonomy":"post_tag","embeddable":true,"href":"https:\/\/haberbesiktas.tr\/index.php?rest_route=%2Fwp%2Fv2%2Ftags&post=14383"}],"curies":[{"name":"wp","href":"https:\/\/api.w.org\/{rel}","templated":true}]}}