{"id":14386,"date":"2025-03-05T12:48:06","date_gmt":"2025-03-05T12:48:06","guid":{"rendered":"https:\/\/haberbesiktas.tr\/?p=14386"},"modified":"2025-03-05T12:48:06","modified_gmt":"2025-03-05T12:48:06","slug":"real-madridde-hakem-tepkisi-cevap-bekliyoruz","status":"publish","type":"post","link":"https:\/\/haberbesiktas.tr\/?p=14386","title":{"rendered":"Real Madrid&#8217;de hakem tepkisi: &#8220;Cevap bekliyoruz&#8221;"},"content":{"rendered":"<div>\u0130spanya La Liga&#8217;n\u0131n 22. haftas\u0131nda Real Madrid, Espanyol&#8217;a deplasmanda 1-0 ma\u011flup oldu.<\/p>\n<p> Real Madrid, yenilgisi sonras\u0131 ma\u00e7\u0131n hakemi Alejandro Muniz ve VAR hakemi Javier Iglesias Villanueva&#8217;ya reaksiyon g\u00f6sterdi ve bir a\u00e7\u0131klama yay\u0131nlad\u0131.\u00a0<\/p>\n<p>La Liga devinin yapt\u0131\u011f\u0131 a\u00e7\u0131klamada <strong>&#8220;Espanyol&#8217;a hakem Alejandro Muniz ve VAR hakeminin kararlar\u0131yla kaybettik! 85. dakikada gol\u00fc atan Carlos Romero, 62. dakikada Mbappe&#8217;ye yapt\u0131\u011f\u0131 faul\u00fcn akabinde k\u0131rm\u0131z\u0131 kart g\u00f6rmeliydi!&#8221;<\/strong> tabirleri yer ald\u0131.<\/p>\n<p><strong>&#8220;CEVAP BEKL\u0130YORUZ&#8221;<\/strong><\/p>\n<p> Real Madrid Teknik Y\u00f6neticisi Carlo Ancelotti de hususla ilgili bir a\u00e7\u0131klama yapt\u0131.<\/p>\n<p> Tecr\u00fcbeli teknik adam, yapt\u0131\u011f\u0131 a\u00e7\u0131klamada <strong>&#8220;Espanyol ma\u00e7\u0131nda a\u00e7\u0131klanamaz bir \u015fey oldu ve kul\u00fcb\u00fcn istedi\u011fi bir a\u00e7\u0131klama. Kar\u015f\u0131l\u0131k bekliyoruz.&#8221;<\/strong> tabirlerini kulland\u0131.<\/p>\n<\/div>\n","protected":false},"excerpt":{"rendered":"<p>Real Madrid&#8217;de, 1-0 yenildikleri Espanyol ma\u00e7\u0131n\u0131n hakemi Alejandro Muniz&#8217;e reaksiyonlar devam ediyor. Son olarak teknik y\u00f6netici Carlo Ancelotti, husus ile ilgili a\u00e7\u0131klama yapt\u0131.<\/p>\n","protected":false},"author":1,"featured_media":14387,"comment_status":"open","ping_status":"open","sticky":false,"template":"","format":"standard","meta":{"footnotes":""},"categories":[25],"tags":[],"class_list":["post-14386","post","type-post","status-publish","format-standard","has-post-thumbnail","hentry","category-futbol"],"_links":{"self":[{"href":"https:\/\/haberbesiktas.tr\/index.php?rest_route=\/wp\/v2\/posts\/14386","targetHints":{"allow":["GET"]}}],"collection":[{"href":"https:\/\/haberbesiktas.tr\/index.php?rest_route=\/wp\/v2\/posts"}],"about":[{"href":"https:\/\/haberbesiktas.tr\/index.php?rest_route=\/wp\/v2\/types\/post"}],"author":[{"embeddable":true,"href":"https:\/\/haberbesiktas.tr\/index.php?rest_route=\/wp\/v2\/users\/1"}],"replies":[{"embeddable":true,"href":"https:\/\/haberbesiktas.tr\/index.php?rest_route=%2Fwp%2Fv2%2Fcomments&post=14386"}],"version-history":[{"count":1,"href":"https:\/\/haberbesiktas.tr\/index.php?rest_route=\/wp\/v2\/posts\/14386\/revisions"}],"predecessor-version":[{"id":14388,"href":"https:\/\/haberbesiktas.tr\/index.php?rest_route=\/wp\/v2\/posts\/14386\/revisions\/14388"}],"wp:featuredmedia":[{"embeddable":true,"href":"https:\/\/haberbesiktas.tr\/index.php?rest_route=\/wp\/v2\/media\/14387"}],"wp:attachment":[{"href":"https:\/\/haberbesiktas.tr\/index.php?rest_route=%2Fwp%2Fv2%2Fmedia&parent=14386"}],"wp:term":[{"taxonomy":"category","embeddable":true,"href":"https:\/\/haberbesiktas.tr\/index.php?rest_route=%2Fwp%2Fv2%2Fcategories&post=14386"},{"taxonomy":"post_tag","embeddable":true,"href":"https:\/\/haberbesiktas.tr\/index.php?rest_route=%2Fwp%2Fv2%2Ftags&post=14386"}],"curies":[{"name":"wp","href":"https:\/\/api.w.org\/{rel}","templated":true}]}}