{"id":14392,"date":"2025-03-05T13:12:06","date_gmt":"2025-03-05T13:12:06","guid":{"rendered":"https:\/\/haberbesiktas.tr\/?p=14392"},"modified":"2025-03-05T13:12:06","modified_gmt":"2025-03-05T13:12:06","slug":"cagdas-atan-turkiye-kupasini-daha-cezbedici-bir-hale-getirmemiz-gerekiyor","status":"publish","type":"post","link":"https:\/\/haberbesiktas.tr\/?p=14392","title":{"rendered":"\u00c7a\u011fda\u015f Atan: &#8220;T\u00fcrkiye Kupas\u0131&#8217;n\u0131 daha cezbedici bir hale getirmemiz gerekiyor&#8221;"},"content":{"rendered":"<div>\n<div> Atan, T\u00fcrkiye Kupas\u0131 C K\u00fcmesi 2. hafta ma\u00e7\u0131nda Ahlat\u00e7\u0131 \u00c7orum FK&#8217;yi 4-1 ma\u011flup ettikleri ma\u00e7\u0131n akabinde d\u00fczenlenen bas\u0131n toplant\u0131s\u0131nda a\u00e7\u0131klamalarda bulundu.<\/p>\n<p> T\u00fcrkiye Kupas\u0131&#8217;n\u0131n yeni format\u0131yla ilgili g\u00f6r\u00fc\u015flerini payla\u015fan \u00c7a\u011fda\u015f Atan, \u015fu tabirleri kulland\u0131:<\/p>\n<p> <strong>&#8220;Kupa format\u0131yla ilgili fikrimiz al\u0131nmad\u0131. 6 grup \u00e7ok fazla. 3 ma\u00e7ta 2 ekibin \u00e7\u0131kmas\u0131 \u00e7ok fazla. Bana nazaran 4&#8217;er gruptan 3 ma\u00e7ta 2&#8217;si \u00e7\u0131ksa daha sa\u011fl\u0131kl\u0131 olur. 2 y\u0131l \u0130svi\u00e7re&#8217;de, 1 sene Almanya&#8217;da oynad\u0131m. \u0130svi\u00e7re&#8217;de ve Almanya&#8217;da kupa \u00e7ok k\u0131ymetlidir. T\u00fcrkiye Kupas\u0131&#8217;n\u0131 daha cezbedici bir hale getirmemiz gerekiyor. Kul\u00fcplerin beklentisi, maddi olarak daha b\u00fcy\u00fck gelirler. Ona uygun format yahut sponsorluk muahedeleri yap\u0131labilir. Teknik y\u00f6neticilik d\u00f6nemimde 3 kadroda da kupaya gereken sayg\u0131y\u0131 g\u00f6stermeye \u00e7al\u0131\u015ft\u0131k.&#8221;<\/p>\n<p>&#8220;PREST\u0130J\u0130 GER\u0130 KAZANDIRMALIYIZ&#8221;<\/strong><\/p>\n<p>\u00c7a\u011fda\u015f Atan,\u00a0<strong>&#8220;\u00c7orum FK alt ligde \u015fampiyonluk i\u00e7in u\u011fra\u015f veriyor. T\u00fcm g\u00fcc\u00fcn\u00fc alana yans\u0131tmak istememesini anlay\u0131\u015fla kar\u015f\u0131l\u0131yorum lakin bu tertibin daha evvelden bu hale gelmemesi gerekiyor. Herkesin karar\u0131na h\u00fcrmetimiz var. Rakip kim olursa olsun alana \u00e7\u0131k\u0131p oyunumuzu oynuyoruz. T\u00fcrkiye Kupas\u0131&#8217;n\u0131n itibar\u0131n\u0131n geri kazand\u0131r\u0131lmas\u0131 gerekti\u011fini d\u00fc\u015f\u00fcn\u00fcyorum.&#8221; <\/strong>dedi.<strong><\/p>\n<p>&#8220;VERD\u0130KLER\u0130 U\u011eRA\u015eTAN \u00d6T\u00dcR\u00dc TEBR\u0130K ED\u0130YORUM&#8221;<\/strong><\/p>\n<p> \u00c7orum FK&#8217;nin alana y\u00fckl\u00fc olarak 19 ya\u015f alt\u0131 grubu oyuncular\u0131yla \u00e7\u0131kmas\u0131n\u0131 ve kar\u015f\u0131la\u015fmay\u0131 da k\u0131ymetlendiren Atan, &#8220;<strong>Verdikleri \u00e7abadan \u00f6t\u00fcr\u00fc onlar\u0131 tebrik ediyorum. Allah yollar\u0131n\u0131 a\u00e7\u0131k etsin. Centilmence u\u011fra\u015f ettiler. Daha farkl\u0131 kazanmam\u0131z gerekiyordu. Disiplinli oynad\u0131k. Sayg\u0131y\u0131 hi\u00e7bir vakit b\u0131rakmad\u0131k. Daha fazla gol atabilirdik. Genel averaj manas\u0131nda biraz avantajl\u0131 duruma ge\u00e7tik.&#8221;<\/strong> formunda g\u00f6r\u00fc\u015f belirtti.<\/p>\n<div>\u00a0<\/div>\n<\/p><\/div>\n<div>\u00a0<\/div>\n<\/div>\n","protected":false},"excerpt":{"rendered":"<p>Ziraat T\u00fcrkiye Kupas\u0131 C K\u00fcmesi 2. hafta ma\u00e7\u0131nda meskeninde Ahlatc\u0131 \u00c7orum FK&#8217;yi 4-1 yenen RAMS Ba\u015fak\u015fehir&#8217;de teknik y\u00f6netici \u00c7a\u011fda\u015f Atan a\u00e7\u0131klamalarda bulundu.<\/p>\n","protected":false},"author":1,"featured_media":14393,"comment_status":"open","ping_status":"open","sticky":false,"template":"","format":"standard","meta":{"footnotes":""},"categories":[25],"tags":[120,52],"class_list":["post-14392","post","type-post","status-publish","format-standard","has-post-thumbnail","hentry","category-futbol","tag-kupa","tag-takim"],"_links":{"self":[{"href":"https:\/\/haberbesiktas.tr\/index.php?rest_route=\/wp\/v2\/posts\/14392","targetHints":{"allow":["GET"]}}],"collection":[{"href":"https:\/\/haberbesiktas.tr\/index.php?rest_route=\/wp\/v2\/posts"}],"about":[{"href":"https:\/\/haberbesiktas.tr\/index.php?rest_route=\/wp\/v2\/types\/post"}],"author":[{"embeddable":true,"href":"https:\/\/haberbesiktas.tr\/index.php?rest_route=\/wp\/v2\/users\/1"}],"replies":[{"embeddable":true,"href":"https:\/\/haberbesiktas.tr\/index.php?rest_route=%2Fwp%2Fv2%2Fcomments&post=14392"}],"version-history":[{"count":1,"href":"https:\/\/haberbesiktas.tr\/index.php?rest_route=\/wp\/v2\/posts\/14392\/revisions"}],"predecessor-version":[{"id":14394,"href":"https:\/\/haberbesiktas.tr\/index.php?rest_route=\/wp\/v2\/posts\/14392\/revisions\/14394"}],"wp:featuredmedia":[{"embeddable":true,"href":"https:\/\/haberbesiktas.tr\/index.php?rest_route=\/wp\/v2\/media\/14393"}],"wp:attachment":[{"href":"https:\/\/haberbesiktas.tr\/index.php?rest_route=%2Fwp%2Fv2%2Fmedia&parent=14392"}],"wp:term":[{"taxonomy":"category","embeddable":true,"href":"https:\/\/haberbesiktas.tr\/index.php?rest_route=%2Fwp%2Fv2%2Fcategories&post=14392"},{"taxonomy":"post_tag","embeddable":true,"href":"https:\/\/haberbesiktas.tr\/index.php?rest_route=%2Fwp%2Fv2%2Ftags&post=14392"}],"curies":[{"name":"wp","href":"https:\/\/api.w.org\/{rel}","templated":true}]}}