{"id":14395,"date":"2025-03-05T13:24:09","date_gmt":"2025-03-05T13:24:09","guid":{"rendered":"https:\/\/haberbesiktas.tr\/?p=14395"},"modified":"2025-03-05T13:24:09","modified_gmt":"2025-03-05T13:24:09","slug":"can-gucer-istanbulda-antrenman-yapacak-saha-imkani-bulamadik","status":"publish","type":"post","link":"https:\/\/haberbesiktas.tr\/?p=14395","title":{"rendered":"Can G\u00fc\u00e7er: &#8220;\u0130stanbul&#8217;da antrenman yapacak saha imkan\u0131 bulamad\u0131k&#8221;"},"content":{"rendered":"<div>Ziraat T\u00fcrkiye Kupas\u0131 C K\u00fcmesi 2. hafta ma\u00e7\u0131nda konuk oldu\u011fu RAMS Ba\u015fak\u015fehir&#8217;e 4-1 yenilen Ahlatc\u0131 \u00c7orum FK&#8217;nin yard\u0131mc\u0131 antren\u00f6r\u00fc Can G\u00fc\u00e7er, \u0130stanbul&#8217;da idman yapacak saha bulamad\u0131klar\u0131n\u0131 s\u00f6yledi.<\/p>\n<p> Ba\u015fak\u015fehir Fatih Terim Stad\u0131&#8217;nda oynanan m\u00fcsabakan\u0131n akabinde d\u00fczenlenen bas\u0131n toplant\u0131s\u0131nda konu\u015fan G\u00fc\u00e7er, y\u00fckl\u00fc olarak 19 ya\u015f alt\u0131 grubu oyuncular\u0131yla u\u011fra\u015f etmelerine ait \u015fu tabirleri kulland\u0131:<\/p>\n<p> <strong>&#8220;Band\u0131rmaspor ma\u00e7\u0131ndan sonra idare bu t\u00fcrl\u00fc bir a\u00e7\u0131klamada bulundu. \u00c7ok a\u011f\u0131r bir fikst\u00fcre girdik. Ligde gayelerimizi ger\u00e7ekle\u015ftirmek istiyoruz. \u00dcst \u00fcste ma\u00e7lar oynayaca\u011f\u0131z. Otob\u00fcsle buraya gelip geri d\u00f6nmek ve Sakarya&#8217;ya gitmek yorucu olacakt\u0131. \u0130stanbul&#8217;da idman yapacak saha imkan\u0131 bulamad\u0131k. \u0130dare bu t\u00fcrl\u00fc bir karar ald\u0131. Gen\u00e7 oyuncular\u0131m\u0131z ismine ho\u015f bir deneyim oldu.&#8221;<\/strong><\/p>\n<p> M\u00fcsabakaya altyap\u0131 oyuncular\u0131yla \u00e7\u0131kmalar\u0131n\u0131 sa\u011flayan kul\u00fcp ba\u015fkan\u0131 O\u011fuzhan Yal\u00e7\u0131n&#8217;a te\u015fekk\u00fcr eden Can G\u00fc\u00e7er, <strong>&#8220;Buradan A gruba kazand\u0131rmak istedi\u011fimiz oyuncular var. Bu manada ma\u00e7 de\u011ferliydi. Rakibin \u00f6n alanda tesirli oldu\u011funu biliyorduk. Tedbir almaya \u00e7al\u0131\u015ft\u0131k. Oyuncular buna yeterli kar\u015f\u0131l\u0131klar verdi. Ferd\u00ee yan\u0131lg\u0131lardan goller yedik. Bu yan\u0131lg\u0131lardan ders \u00e7\u0131kar\u0131p gen\u00e7 oyuncular\u0131m\u0131z\u0131n geli\u015fimleri i\u00e7in \u00e7al\u0131\u015fmalar\u0131m\u0131z\u0131 s\u00fcrd\u00fcrece\u011fiz.&#8221;<\/strong> diye konu\u015ftu.<\/p>\n<\/div>\n","protected":false},"excerpt":{"rendered":"<p>Ziraat T\u00fcrkiye Kupas\u0131 C K\u00fcmesi 2. hafta ma\u00e7\u0131nda konuk oldu\u011fu RAMS Ba\u015fak\u015fehir&#8217;e 4-1 yenilen Ahlatc\u0131 \u00c7orum FK&#8217;nin yard\u0131mc\u0131 antren\u00f6r\u00fc Can G\u00fc\u00e7er, a\u00e7\u0131klamalarda bulundu.<\/p>\n","protected":false},"author":1,"featured_media":14396,"comment_status":"open","ping_status":"open","sticky":false,"template":"","format":"standard","meta":{"footnotes":""},"categories":[25],"tags":[333],"class_list":["post-14395","post","type-post","status-publish","format-standard","has-post-thumbnail","hentry","category-futbol","tag-oyuncular"],"_links":{"self":[{"href":"https:\/\/haberbesiktas.tr\/index.php?rest_route=\/wp\/v2\/posts\/14395","targetHints":{"allow":["GET"]}}],"collection":[{"href":"https:\/\/haberbesiktas.tr\/index.php?rest_route=\/wp\/v2\/posts"}],"about":[{"href":"https:\/\/haberbesiktas.tr\/index.php?rest_route=\/wp\/v2\/types\/post"}],"author":[{"embeddable":true,"href":"https:\/\/haberbesiktas.tr\/index.php?rest_route=\/wp\/v2\/users\/1"}],"replies":[{"embeddable":true,"href":"https:\/\/haberbesiktas.tr\/index.php?rest_route=%2Fwp%2Fv2%2Fcomments&post=14395"}],"version-history":[{"count":1,"href":"https:\/\/haberbesiktas.tr\/index.php?rest_route=\/wp\/v2\/posts\/14395\/revisions"}],"predecessor-version":[{"id":14397,"href":"https:\/\/haberbesiktas.tr\/index.php?rest_route=\/wp\/v2\/posts\/14395\/revisions\/14397"}],"wp:featuredmedia":[{"embeddable":true,"href":"https:\/\/haberbesiktas.tr\/index.php?rest_route=\/wp\/v2\/media\/14396"}],"wp:attachment":[{"href":"https:\/\/haberbesiktas.tr\/index.php?rest_route=%2Fwp%2Fv2%2Fmedia&parent=14395"}],"wp:term":[{"taxonomy":"category","embeddable":true,"href":"https:\/\/haberbesiktas.tr\/index.php?rest_route=%2Fwp%2Fv2%2Fcategories&post=14395"},{"taxonomy":"post_tag","embeddable":true,"href":"https:\/\/haberbesiktas.tr\/index.php?rest_route=%2Fwp%2Fv2%2Ftags&post=14395"}],"curies":[{"name":"wp","href":"https:\/\/api.w.org\/{rel}","templated":true}]}}