{"id":14405,"date":"2025-03-05T14:00:10","date_gmt":"2025-03-05T14:00:10","guid":{"rendered":"https:\/\/haberbesiktas.tr\/?p=14405"},"modified":"2025-03-05T14:00:10","modified_gmt":"2025-03-05T14:00:10","slug":"kayserisporda-bahokene-af-cikti","status":"publish","type":"post","link":"https:\/\/haberbesiktas.tr\/?p=14405","title":{"rendered":"Kayserispor&#8217;da Bahoken&#8217;e af \u00e7\u0131kt\u0131!"},"content":{"rendered":"<div>Kayserispor&#8217;da Stephane Bahoken&#8217;e af \u00e7\u0131kt\u0131.<\/p>\n<p> Kayserispor, Sivasspor ma\u00e7\u0131nda ekip arkada\u015f\u0131 Miguel Cardoso&#8217;ya fiziki m\u00fcdahalesi sonras\u0131 tak\u0131m d\u0131\u015f\u0131 b\u0131rak\u0131lan Bahoken&#8217;in affedildi\u011fini ve kadroya geri d\u00f6nd\u00fc\u011f\u00fcn\u00fc a\u00e7\u0131klad\u0131.<\/p>\n<p> Bahoken, Cardoso&#8217;ya sald\u0131r\u0131s\u0131 sonras\u0131 3 ma\u00e7tan men cezas\u0131 alm\u0131\u015ft\u0131.<\/p>\n<p> <strong>Kayserispor&#8217;un a\u00e7\u0131klamas\u0131 \u015fu bi\u00e7imde:<\/strong><\/p>\n<p> &#8220;25.01.2025 tarihinde oynanan Net K\u00fcresel Sivasspor ma\u00e7\u0131 sonras\u0131 tak\u0131m d\u0131\u015f\u0131 b\u0131rak\u0131lan oyuncumuz St\u00e9phane Bahoken, oyuncumuz Miguel Cardoso ve ailesinden, t\u00fcm grup arkada\u015flar\u0131ndan, idare \u015furam\u0131z ve toplulu\u011fumuzdan \u00f6z\u00fcr dileyerek h\u00fczn\u00fcn\u00fc lisana getirmi\u015ftir.<\/p>\n<p> Sportif Y\u00f6neticimiz ve Teknik Y\u00f6neticimizin raporlar\u0131 sonras\u0131nda; Liderimiz ve idare \u015furam\u0131z, kesilecek para cezas\u0131 baki kalarak, oyuncumuzun affedilerek ekibe d\u00f6nmesine karar vermi\u015ftir.&#8221;<\/p>\n<\/div>\n","protected":false},"excerpt":{"rendered":"<p>Kayserispor, kadro arkada\u015f\u0131 Miguel Cardoso&#8217;ya fiziki m\u00fcdahalesi sonras\u0131 tak\u0131m d\u0131\u015f\u0131 b\u0131rak\u0131lan Stephane Bahoken&#8217;in affedildi\u011fini a\u00e7\u0131klad\u0131.<\/p>\n","protected":false},"author":1,"featured_media":14406,"comment_status":"open","ping_status":"open","sticky":false,"template":"","format":"standard","meta":{"footnotes":""},"categories":[25],"tags":[],"class_list":["post-14405","post","type-post","status-publish","format-standard","has-post-thumbnail","hentry","category-futbol"],"_links":{"self":[{"href":"https:\/\/haberbesiktas.tr\/index.php?rest_route=\/wp\/v2\/posts\/14405","targetHints":{"allow":["GET"]}}],"collection":[{"href":"https:\/\/haberbesiktas.tr\/index.php?rest_route=\/wp\/v2\/posts"}],"about":[{"href":"https:\/\/haberbesiktas.tr\/index.php?rest_route=\/wp\/v2\/types\/post"}],"author":[{"embeddable":true,"href":"https:\/\/haberbesiktas.tr\/index.php?rest_route=\/wp\/v2\/users\/1"}],"replies":[{"embeddable":true,"href":"https:\/\/haberbesiktas.tr\/index.php?rest_route=%2Fwp%2Fv2%2Fcomments&post=14405"}],"version-history":[{"count":1,"href":"https:\/\/haberbesiktas.tr\/index.php?rest_route=\/wp\/v2\/posts\/14405\/revisions"}],"predecessor-version":[{"id":14407,"href":"https:\/\/haberbesiktas.tr\/index.php?rest_route=\/wp\/v2\/posts\/14405\/revisions\/14407"}],"wp:featuredmedia":[{"embeddable":true,"href":"https:\/\/haberbesiktas.tr\/index.php?rest_route=\/wp\/v2\/media\/14406"}],"wp:attachment":[{"href":"https:\/\/haberbesiktas.tr\/index.php?rest_route=%2Fwp%2Fv2%2Fmedia&parent=14405"}],"wp:term":[{"taxonomy":"category","embeddable":true,"href":"https:\/\/haberbesiktas.tr\/index.php?rest_route=%2Fwp%2Fv2%2Fcategories&post=14405"},{"taxonomy":"post_tag","embeddable":true,"href":"https:\/\/haberbesiktas.tr\/index.php?rest_route=%2Fwp%2Fv2%2Ftags&post=14405"}],"curies":[{"name":"wp","href":"https:\/\/api.w.org\/{rel}","templated":true}]}}