{"id":14453,"date":"2025-03-05T17:12:06","date_gmt":"2025-03-05T17:12:06","guid":{"rendered":"https:\/\/haberbesiktas.tr\/?p=14453"},"modified":"2025-03-05T17:12:06","modified_gmt":"2025-03-05T17:12:06","slug":"iste-haftanin-var-kayitlari","status":"publish","type":"post","link":"https:\/\/haberbesiktas.tr\/?p=14453","title":{"rendered":"\u0130\u015fte haftan\u0131n VAR kay\u0131tlar\u0131"},"content":{"rendered":"<div>S\u00fcper Lig&#8217;de geride kalan 22. haftan\u0131n VAR kay\u0131tlar\u0131 a\u00e7\u0131kland\u0131.<\/p>\n<p> <strong>Fenerbah\u00e7e &#8211; Rizespor ma\u00e7\u0131nda Fenerbah\u00e7e&#8217;nin penalt\u0131 kazand\u0131\u011f\u0131 pozisyon<\/strong><\/p>\n<p> <strong>VAR hakemi Bert Put:<\/strong> &#8220;Sana potansiyel penalt\u0131 i\u00e7in alanda inceleme tavsiye ediyorum. 10 numaran\u0131n potansiyel faul\u00fc.&#8221;<\/p>\n<p> <strong>Hakem Burak Pakkan<\/strong>: &#8220;Ekranday\u0131m. \u00d6teki a\u00e7\u0131. Tamam. Penalt\u0131 ve ikinci sar\u0131 kart\u0131 verece\u011fim.&#8221;<\/p>\n<p> <strong>G\u00f6ztepe &#8211; Alanyaspor ma\u00e7\u0131nda 41. dakikada G\u00f6ztepe&#8217;nin iptal edilen penalt\u0131s\u0131<\/strong><\/p>\n<p> <strong>VAR<\/strong>: &#8220;Arda sana alanda inceleme tavsiye ediyorum atak oyuncusunun faul\u00fc i\u00e7in monit\u00f6re gel, sana birinci imgeyi g\u00f6sterece\u011fim. Atak oyuncusu, elini defans oyuncusunun y\u00fcz\u00fcne koyuyor ve bu y\u00fczden istedi\u011fi \u00fczere z\u0131playam\u0131yor. Bu y\u00fczden elle oynuyor zira z\u0131playam\u0131yor. Karar direkt h\u00fcr vuru\u015f olmal\u0131.&#8221;<\/p>\n<p> Arda Karde\u015fler: &#8220;Tamam, karar\u0131m\u0131 de\u011fi\u015ftiriyorum (penalt\u0131y\u0131 iptal ediyor)&#8221;<\/p>\n<p> <strong>G\u00f6ztepe-Alanyaspor 59.dakika G\u00f6ztepe&#8217;nin iptal edilen penalt\u0131s\u0131<\/strong><\/p>\n<p> <strong>VAR:<\/strong> &#8220;Arda, sana alanda inceleme tavsiye ediyorum. Elle oynama yok, omuza de\u011fiyor.&#8221;<\/p>\n<p> <strong>Arda Karde\u015fler:<\/strong>\u00a0&#8220;Tamam&#8221;<\/p>\n<p> <strong>VAR:<\/strong>\u00a0&#8220;G\u00f6stermeye gereksinimimiz var. Temas noktas\u0131n\u0131 g\u00f6rebildi\u011finde haber ver. Bak, omuza de\u011fiyor, el yok.&#8221;<\/p>\n<p> <strong>Arda Karde\u015fler:<\/strong> &#8220;Omuza de\u011fiyor, el yok de\u011fil mi? \u00d6b\u00fcr a\u00e7\u0131 l\u00fctfen. Tamam kol de\u011fil, ger\u00e7ek. (penalt\u0131y\u0131 iptal ediyor)&#8221;<\/p>\n<p> <strong>G\u00f6ztepe-Alanyaspor 65.dakika G\u00f6ztepe&#8217;nin gol\u00fcn\u00fcn iptali<\/strong><\/p>\n<p> <strong>VAR:<\/strong>\u00a0&#8220;Arda kaleciye faul var, hamle oyuncusu kaleciyi yere itti. Bunu g\u00f6rmen laz\u0131m. Burada top kaleciye yak\u0131n. Faul olmasa bu topu tutabilirdi.&#8221;<\/p>\n<p> <strong>Arda Karde\u015fler:<\/strong>\u00a0&#8220;Evet topa dokunabilir ancak temas y\u00fcz\u00fcnden yapam\u0131yor.&#8221;<\/p>\n<p> <strong>VAR:<\/strong>\u00a0&#8220;Evet, kesinlikle&#8221; (Gol iptal ediliyor.)<\/p>\n<p> <strong>\u0130\u015fte haftan\u0131n VAR kay\u0131tlar\u0131:<\/p>\n<p><\/strong><\/p><\/div>\n","protected":false},"excerpt":{"rendered":"<p>S\u00fcper Lig&#8217;de 22. haftan\u0131n VAR kay\u0131tlar\u0131 a\u00e7\u0131kland\u0131. \u0130\u015fte detaylar&#8230;<\/p>\n","protected":false},"author":1,"featured_media":14454,"comment_status":"open","ping_status":"open","sticky":false,"template":"","format":"standard","meta":{"footnotes":""},"categories":[25],"tags":[864,64,79,303],"class_list":["post-14453","post","type-post","status-publish","format-standard","has-post-thumbnail","hentry","category-futbol","tag-arda","tag-goztepe","tag-iptal","tag-penalti"],"_links":{"self":[{"href":"https:\/\/haberbesiktas.tr\/index.php?rest_route=\/wp\/v2\/posts\/14453","targetHints":{"allow":["GET"]}}],"collection":[{"href":"https:\/\/haberbesiktas.tr\/index.php?rest_route=\/wp\/v2\/posts"}],"about":[{"href":"https:\/\/haberbesiktas.tr\/index.php?rest_route=\/wp\/v2\/types\/post"}],"author":[{"embeddable":true,"href":"https:\/\/haberbesiktas.tr\/index.php?rest_route=\/wp\/v2\/users\/1"}],"replies":[{"embeddable":true,"href":"https:\/\/haberbesiktas.tr\/index.php?rest_route=%2Fwp%2Fv2%2Fcomments&post=14453"}],"version-history":[{"count":1,"href":"https:\/\/haberbesiktas.tr\/index.php?rest_route=\/wp\/v2\/posts\/14453\/revisions"}],"predecessor-version":[{"id":14455,"href":"https:\/\/haberbesiktas.tr\/index.php?rest_route=\/wp\/v2\/posts\/14453\/revisions\/14455"}],"wp:featuredmedia":[{"embeddable":true,"href":"https:\/\/haberbesiktas.tr\/index.php?rest_route=\/wp\/v2\/media\/14454"}],"wp:attachment":[{"href":"https:\/\/haberbesiktas.tr\/index.php?rest_route=%2Fwp%2Fv2%2Fmedia&parent=14453"}],"wp:term":[{"taxonomy":"category","embeddable":true,"href":"https:\/\/haberbesiktas.tr\/index.php?rest_route=%2Fwp%2Fv2%2Fcategories&post=14453"},{"taxonomy":"post_tag","embeddable":true,"href":"https:\/\/haberbesiktas.tr\/index.php?rest_route=%2Fwp%2Fv2%2Ftags&post=14453"}],"curies":[{"name":"wp","href":"https:\/\/api.w.org\/{rel}","templated":true}]}}