{"id":14456,"date":"2025-03-05T17:24:06","date_gmt":"2025-03-05T17:24:06","guid":{"rendered":"https:\/\/haberbesiktas.tr\/?p=14456"},"modified":"2025-03-05T17:24:06","modified_gmt":"2025-03-05T17:24:06","slug":"kerem-yavas-gruptan-cikmak-istiyoruz","status":"publish","type":"post","link":"https:\/\/haberbesiktas.tr\/?p=14456","title":{"rendered":"Kerem Yava\u015f: &#8220;Gruptan \u00e7\u0131kmak istiyoruz&#8221;"},"content":{"rendered":"<div>T\u00fcrkiye Kupas\u0131 C K\u00fcmesi 2. hafta ma\u00e7\u0131nda deplasmanda T\u00dcMOSAN Konyaspor&#8217;a 3-1 yenilen ikas Ey\u00fcpspor&#8217;un teknik sorumlu\u00a0Kerem\u00a0Yava\u015f, \u00fczg\u00fcn olduklar\u0131n\u0131 ve k\u00fcmeden \u00e7\u0131kmak istediklerini s\u00f6yledi.<\/p>\n<p> Yava\u015f, ma\u00e7\u0131n akabinde d\u00fczenlenen bas\u0131n toplant\u0131s\u0131nda, k\u00fcmede avantaj elde etmek i\u00e7in ma\u00e7\u0131 kazanmak istediklerini lakin bunu ba\u015faramad\u0131klar\u0131n\u0131 s\u00f6yledi.<\/p>\n<p> Kupada bir \u00fcst \u00e7e\u015fit i\u00e7in bahtlar\u0131n\u0131 son ma\u00e7a b\u0131rakt\u0131klar\u0131n\u0131n alt\u0131n\u0131 \u00e7izen\u00a0Yava\u015f, \u015funlar\u0131 kaydetti:<\/p>\n<p> <strong>&#8220;Ma\u00e7a istedi\u011fimiz \u00fczere ba\u015flayamad\u0131k. \u0130ki ekip ismine da birinci devrede istikrarl\u0131 bir oyun vard\u0131. \u0130ki ekip da buldu\u011funu de\u011ferlendiremedi. Fakat devrenin sonunda maalesef kolay top kayb\u0131 sonras\u0131 rakibimiz kontratakta gol\u00fc buldu. Devreye 1-0 ma\u011flup girdik. \u0130kinci devreye \u00e7\u0131kt\u0131\u011f\u0131m\u0131zda konsantrasyon eksikli\u011finden \u00f6t\u00fcr\u00fc yedi\u011fimiz golle 2-0 ma\u011flup duruma d\u00fc\u015ft\u00fck. Bundan sonra b\u00fcsb\u00fct\u00fcn istedi\u011fimiz oyunu sergiledik. Burada konumlar da yakalad\u0131k ancak de\u011ferlendiremedik. Son dakikalarda risk ald\u0131ktan sonra rakibin kontrataklar\u0131 oluyor. Son dakika at\u0131lan golle de 3-1 ma\u011flup olduk. \u00dczg\u00fcn\u00fcz fakat \u015fu an kupada bitmi\u015f bir \u015fey yok. K\u00fcmeden \u00e7\u0131kmak istiyoruz. Son ma\u00e7ta Ba\u015fak\u015fehir&#8217;e kar\u015f\u0131 kolay olmasa da hem kazan\u0131p hem de ba\u015fka ma\u00e7lar\u0131n sonu\u00e7lar\u0131n\u0131 bekledikten sonra devam etmek istiyoruz.&#8221;<\/strong><\/p>\n<\/div>\n","protected":false},"excerpt":{"rendered":"<p>T\u00fcrkiye Kupas\u0131 C K\u00fcmesi 2. hafta ma\u00e7\u0131nda deplasmanda T\u00dcMOSAN Konyaspor&#8217;a 3-1 yenilen ikas Ey\u00fcpspor&#8217;un teknik sorumlu Kerem Yava\u015f, ma\u00e7\u0131n akabinde a\u00e7\u0131klamalarda bulundu.<\/p>\n","protected":false},"author":1,"featured_media":14457,"comment_status":"open","ping_status":"open","sticky":false,"template":"","format":"standard","meta":{"footnotes":""},"categories":[25],"tags":[],"class_list":["post-14456","post","type-post","status-publish","format-standard","has-post-thumbnail","hentry","category-futbol"],"_links":{"self":[{"href":"https:\/\/haberbesiktas.tr\/index.php?rest_route=\/wp\/v2\/posts\/14456","targetHints":{"allow":["GET"]}}],"collection":[{"href":"https:\/\/haberbesiktas.tr\/index.php?rest_route=\/wp\/v2\/posts"}],"about":[{"href":"https:\/\/haberbesiktas.tr\/index.php?rest_route=\/wp\/v2\/types\/post"}],"author":[{"embeddable":true,"href":"https:\/\/haberbesiktas.tr\/index.php?rest_route=\/wp\/v2\/users\/1"}],"replies":[{"embeddable":true,"href":"https:\/\/haberbesiktas.tr\/index.php?rest_route=%2Fwp%2Fv2%2Fcomments&post=14456"}],"version-history":[{"count":1,"href":"https:\/\/haberbesiktas.tr\/index.php?rest_route=\/wp\/v2\/posts\/14456\/revisions"}],"predecessor-version":[{"id":14458,"href":"https:\/\/haberbesiktas.tr\/index.php?rest_route=\/wp\/v2\/posts\/14456\/revisions\/14458"}],"wp:featuredmedia":[{"embeddable":true,"href":"https:\/\/haberbesiktas.tr\/index.php?rest_route=\/wp\/v2\/media\/14457"}],"wp:attachment":[{"href":"https:\/\/haberbesiktas.tr\/index.php?rest_route=%2Fwp%2Fv2%2Fmedia&parent=14456"}],"wp:term":[{"taxonomy":"category","embeddable":true,"href":"https:\/\/haberbesiktas.tr\/index.php?rest_route=%2Fwp%2Fv2%2Fcategories&post=14456"},{"taxonomy":"post_tag","embeddable":true,"href":"https:\/\/haberbesiktas.tr\/index.php?rest_route=%2Fwp%2Fv2%2Ftags&post=14456"}],"curies":[{"name":"wp","href":"https:\/\/api.w.org\/{rel}","templated":true}]}}