{"id":14459,"date":"2025-03-05T17:36:07","date_gmt":"2025-03-05T17:36:07","guid":{"rendered":"https:\/\/haberbesiktas.tr\/?p=14459"},"modified":"2025-03-05T17:36:07","modified_gmt":"2025-03-05T17:36:07","slug":"recep-ucar-tff-organizasyonu-cuvalladi","status":"publish","type":"post","link":"https:\/\/haberbesiktas.tr\/?p=14459","title":{"rendered":"Recep U\u00e7ar: &#8220;TFF organizasyonu \u00e7uvallad\u0131&#8221;"},"content":{"rendered":"<div>\u00a0Ziraat T\u00fcrkiye Kupas\u0131 C K\u00fcmesi 2. hafta ma\u00e7\u0131nda alan\u0131nda ikas Ey\u00fcpspor&#8217;u 3-1 ma\u011flup eden T\u00dcMOSAN Konyaspor&#8217;un teknik y\u00f6netici Recep U\u00e7ar, kupada kar\u015f\u0131la\u015facaklar\u0131 Galatasaray ma\u00e7\u0131yla istediklerini al\u0131p birinci 8&#8217;e kalmay\u0131 ama\u00e7lad\u0131klar\u0131n\u0131 s\u00f6yledi.<\/p>\n<p> U\u00e7ar, ma\u00e7\u0131n akabinde d\u00fczenlenen bas\u0131n toplant\u0131s\u0131nda, Ziraat T\u00fcrkiye Kupas\u0131&#8217;n\u0131n kendileri i\u00e7in \u00e7ok k\u0131ymetli bir kulvar oldu\u011funu s\u00f6yledi.<\/p>\n<p> Gayelerinin bir \u00fcst tipe \u00e7\u0131kmak oldu\u011funu s\u00f6z eden U\u00e7ar, oyuncular\u0131n\u0131 ma\u00e7ta g\u00f6sterdi\u011fi \u00f6zveri, kazanma h\u0131rs\u0131 ve taktiksel sadakatinden \u00f6t\u00fcr\u00fc kutlad\u0131.<\/p>\n<p> U\u00e7ar, birinci yar\u0131 isredikleri oyunu alana yans\u0131t\u0131klar\u0131n\u0131 belirterek,<strong> &#8220;\u0130kinci yar\u0131n\u0131n ba\u015flang\u0131c\u0131nda muhakkak bir k\u0131sma kadar da istedi\u011fimiz \u00fczereydi. Son dakikalarda da ge\u00e7i\u015f gol\u00fcyle 3-1 kazand\u0131k. Konyaspor ve oyuncular\u0131m i\u00e7in ola\u011fan\u00fcst\u00fc bir galibiyet. Birtak\u0131m galibiyetler teknik adamlar i\u00e7in 3 puandan \u00f6tedir. Bug\u00fcn bir\u00e7ok sebepten \u00f6t\u00fcr\u00fc birinci sefer oynayan Abdurrahman \u00dcresin ve Utku Eri\u015f i\u00e7in \u00e7ok memnunum.&#8221;<\/strong> diye konu\u015ftu.<\/p>\n<p> Oyuncular\u0131n\u0131n ligin en \u00e2l\u00e2 gruplar\u0131ndan birine kar\u015f\u0131 \u00e7ok \u00e2l\u00e2 imtihan verdi\u011fine dikkati \u00e7eken U\u00e7ar, \u015f\u00f6yle konu\u015ftu:<\/p>\n<p> <strong>&#8220;Kupada son ma\u00e7\u0131m\u0131z Galatasaray ile in\u015fallah oradan da dilek etti\u011fimiz sonucu al\u0131p biz bir \u00fcst \u00e7e\u015fide kalmak istiyoruz. Ge\u00e7mi\u015fte bu kupay\u0131 kazanan bir kul\u00fcp olarak bu kupaya \u00e7ok \u00f6nemli de\u011fer veriyoruz. Her \u015feyiyle as\u0131l\u0131yoruz, kazanmak istiyoruz. Kupay\u0131 bedelli hale getirmeye \u00e7al\u0131\u015f\u0131yoruz. \u00c7orumspor, birinci ma\u00e7ta \u00fclk\u00fc tak\u0131ma yak\u0131n bir tak\u0131mla \u00e7\u0131kt\u0131. Birinci ma\u00e7\u0131 kaybedince, tezi kalmay\u0131nca 19 ya\u015f alt\u0131 tak\u0131m\u0131yla \u00e7\u0131k\u0131yor. K\u00fcmemizdeki istikrarlar\u0131 de\u011fi\u015ftiriyorlar. Bunu organize eden TFF yetkilerinin bunu daha uygun planlamas\u0131 laz\u0131m. O manada uygun bir planlama olmad\u0131\u011f\u0131, sistemin yanl\u0131\u015f oldu\u011fu \u00e7ok net ortaya \u00e7\u0131k\u0131yor. Bug\u00fcnk\u00fc gruplar\u0131n ma\u00e7lar\u0131na bakt\u0131\u011f\u0131m\u0131z da \u015fu anda TFF tertibi \u00e7uvallad\u0131. Bunu net s\u00f6yleyeyim ancak her \u015feye kar\u015f\u0131n son ma\u00e7\u0131 \u015fubat ay\u0131 sonunda Galatasaray&#8217;la oynayaca\u011f\u0131z. Tahminen bu galibiyetin matematiksel olarak yetme talihi var lakin yetmeme m\u00fcmk\u00fcnl\u00fc\u011f\u00fc daha y\u00fcksek. Umar\u0131m o ma\u00e7\u0131 da al\u0131p biz birinci k\u00fcmede birinci iki yap\u0131p yolumuza devam etmek istiyorum.&#8221;<\/strong><\/p>\n<\/div>\n","protected":false},"excerpt":{"rendered":"<p>Ziraat T\u00fcrkiye Kupas\u0131 C K\u00fcmesi 2. hafta ma\u00e7\u0131nda alan\u0131nda ikas Ey\u00fcpspor&#8217;u 3-1 ma\u011flup eden T\u00dcMOSAN Konyaspor&#8217;un teknik y\u00f6netici Recep U\u00e7ar, ma\u00e7\u0131n akabinde a\u00e7\u0131klamalarda bulundu.<\/p>\n","protected":false},"author":1,"featured_media":14460,"comment_status":"open","ping_status":"open","sticky":false,"template":"","format":"standard","meta":{"footnotes":""},"categories":[25],"tags":[1574],"class_list":["post-14459","post","type-post","status-publish","format-standard","has-post-thumbnail","hentry","category-futbol","tag-ucar"],"_links":{"self":[{"href":"https:\/\/haberbesiktas.tr\/index.php?rest_route=\/wp\/v2\/posts\/14459","targetHints":{"allow":["GET"]}}],"collection":[{"href":"https:\/\/haberbesiktas.tr\/index.php?rest_route=\/wp\/v2\/posts"}],"about":[{"href":"https:\/\/haberbesiktas.tr\/index.php?rest_route=\/wp\/v2\/types\/post"}],"author":[{"embeddable":true,"href":"https:\/\/haberbesiktas.tr\/index.php?rest_route=\/wp\/v2\/users\/1"}],"replies":[{"embeddable":true,"href":"https:\/\/haberbesiktas.tr\/index.php?rest_route=%2Fwp%2Fv2%2Fcomments&post=14459"}],"version-history":[{"count":1,"href":"https:\/\/haberbesiktas.tr\/index.php?rest_route=\/wp\/v2\/posts\/14459\/revisions"}],"predecessor-version":[{"id":14461,"href":"https:\/\/haberbesiktas.tr\/index.php?rest_route=\/wp\/v2\/posts\/14459\/revisions\/14461"}],"wp:featuredmedia":[{"embeddable":true,"href":"https:\/\/haberbesiktas.tr\/index.php?rest_route=\/wp\/v2\/media\/14460"}],"wp:attachment":[{"href":"https:\/\/haberbesiktas.tr\/index.php?rest_route=%2Fwp%2Fv2%2Fmedia&parent=14459"}],"wp:term":[{"taxonomy":"category","embeddable":true,"href":"https:\/\/haberbesiktas.tr\/index.php?rest_route=%2Fwp%2Fv2%2Fcategories&post=14459"},{"taxonomy":"post_tag","embeddable":true,"href":"https:\/\/haberbesiktas.tr\/index.php?rest_route=%2Fwp%2Fv2%2Ftags&post=14459"}],"curies":[{"name":"wp","href":"https:\/\/api.w.org\/{rel}","templated":true}]}}