{"id":14468,"date":"2025-03-05T18:12:10","date_gmt":"2025-03-05T18:12:10","guid":{"rendered":"https:\/\/haberbesiktas.tr\/?p=14468"},"modified":"2025-03-05T18:12:10","modified_gmt":"2025-03-05T18:12:10","slug":"besiktas-kupada-kilidi-ikinci-yari-acti","status":"publish","type":"post","link":"https:\/\/haberbesiktas.tr\/?p=14468","title":{"rendered":"Be\u015fikta\u015f, kupada kilidi ikinci yar\u0131 a\u00e7t\u0131!"},"content":{"rendered":"<div>Ziraat T\u00fcrkiye Kupas\u0131 D K\u00fcmesi ikinci hafta ma\u00e7\u0131nda Be\u015fikta\u015f, TFF 2. Lig grubu K\u0131rklarelispor&#8217;u konuk etti.\u00a0<\/p>\n<p>Atat\u00fcrk Olimpiyat Stadyumu&#8217;nda oynanan \u00e7abay\u0131 Siyah-Beyazl\u0131lar 2-0 kazand\u0131.<\/p>\n<p>\u0130lk yar\u0131s\u0131 0-0 beraberlikle sonu\u00e7lanan ma\u00e7ta Be\u015fikta\u015f&#8217;a galibiyeti getiren 62. dakikada<strong> Ernest Mu\u00e7i<\/strong>\u00a0ve 79. dakikada<strong> Joao Mario\u00a0<\/strong>kaydetti.\u00a0<\/p>\n<p>M\u00fccadele Be\u015fikta\u015f&#8217;\u0131n 2-0 \u00fcst\u00fcnl\u00fc\u011f\u00fcyle sonu\u00e7lan\u0131rken birinci haftada da Sivasspor&#8217;u deplasmanda 1-0 yenen Siyah Beyazl\u0131lar,\u00a0<span>kupada ikide iki yaparak 6 puana ula\u015ft\u0131.<\/span><\/p>\n<p><span>\u0130lk haftada konutunda Bodrum FK ile 4-4 berabere kalan K\u0131rklarelispor ise bu sonucun akabinde 1 puanda kald\u0131.<\/p>\n<p><span>Be\u015fikta\u015f, kupan\u0131n bir sonraki ma\u00e7\u0131nda Antalyaspor&#8217;a konuk olacak. K\u0131rklarelispor ise Kocaelispor&#8217;u a\u011f\u0131rlayacak.<\/p>\n<p><span>S\u00fcper Lig&#8217;de ise Be\u015fikta\u015f, haftay\u0131 BAY ge\u00e7ecek.\u00a0 TFF 2. Lig&#8217;de K\u0131rklarelispor ise Alt\u0131nordu&#8217;ya konuk olacak.\u00a0<\/p>\n<p><img decoding=\"async\" src=\"https:\/\/haberbesiktas.tr\/wp-content\/uploads\/2025\/03\/besiktas-kupada-kilidi-ikinci-yari-acti-0-Er5InEyu.jpg\"\/><\/p>\n<p><strong>SOLSKJAER&#8217;DEN 7 DE\u011e\u0130\u015e\u0130KL\u0130K<\/strong><\/span><\/span><\/span><\/p>\n<p> Ziraat T\u00fcrkiye Kupas\u0131 D K\u00fcmesi ikinci ma\u00e7\u0131nda K\u0131rklarelispor&#8217;u konuk eden\u00a0Be\u015fikta\u015f, Atat\u00fcrk Olimpiyat Stad\u0131&#8217;ndaki m\u00fcsabakaya b\u00fcy\u00fck oranda rotasyonla \u00e7\u0131kt\u0131.<\/p>\n<p> Teknik y\u00f6netici Ole Gunnar Solskjaer, UEFA Avrupa Ligi&#8217;nin son haftas\u0131nda Hollanda deplasman\u0131nda Twente ile oynanan kar\u015f\u0131la\u015fman\u0131n tak\u0131m\u0131na nazaran 7 de\u011fi\u015fiklik yapt\u0131.<\/p>\n<p> Monaco&#8217;ya kiralanan Al Musrati&#8217;nin yan\u0131 s\u0131ra Mert G\u00fcnok, Jonas Svensson, Gedson Fernandes, Milot Rashica yedek soyundurulurken dinlendirilen Rafa Silva ile Ciro Immobile tak\u0131ma al\u0131nmad\u0131.<\/p>\n<p> Norve\u00e7li teknik, K\u0131rklarelispor kar\u015f\u0131s\u0131nda yapt\u0131\u011f\u0131 rotasyonda Ersin Destano\u011flu, Onur Bulut, Salih U\u00e7an, Joao Mario, Alex Oxlade Chamberlain, Semih K\u0131l\u0131\u00e7soy ve Mustafa Erhan Hekimo\u011flu&#8217;na talih verdi.<\/p>\n<p><img decoding=\"async\" src=\"https:\/\/haberbesiktas.tr\/wp-content\/uploads\/2025\/03\/besiktas-kupada-kilidi-ikinci-yari-acti-1-TnpXRky8.jpg\"\/><\/p>\n<p> <strong>RAFA S\u0130LVA B\u0130R\u0130NC\u0130 DEFA MA\u00c7 KAZANDI<\/strong><\/p>\n<p>Siyah-beyazl\u0131lar\u0131n y\u0131ld\u0131z oyuncusu Rafa Silva, bu d\u00f6nem birinci defa bir ma\u00e7ta saha d\u0131\u015f\u0131nda kald\u0131.<\/p>\n<p> Be\u015fikta\u015f&#8217;\u0131n bu d\u00f6nem t\u00fcm kulvarlarda oynad\u0131\u011f\u0131 32 ma\u00e7ta da 11&#8217;de ya da yedeklerde yer alan Rafa Silva, dinlendirildi\u011fi i\u00e7in K\u0131rklarelispor ma\u00e7\u0131nda kadro al\u0131nmad\u0131.<\/p>\n<p> Ligde 20, Avrupa&#8217;da 10, Harika Kupa ve T\u00fcrkiye Kupas\u0131&#8217;nda 1&#8217;er ma\u00e7 oynayan y\u0131ld\u0131z oyuncu bu ma\u00e7larda 10 gol att\u0131.<\/p>\n<p> Portekizli oyuncu, Twente ile oynanan kar\u015f\u0131la\u015fmada sakatlanarak oyundan \u00e7\u0131km\u0131\u015ft\u0131.<\/p>\n<p><img decoding=\"async\" src=\"https:\/\/haberbesiktas.tr\/wp-content\/uploads\/2025\/03\/besiktas-kupada-kilidi-ikinci-yari-acti-2-mpXUR4z8.jpg\"\/><\/p>\n<p> <strong>3 GEN\u00c7 B\u0130R\u0130NC\u0130 SEFER A TAKIM&#8217;DA<\/strong><\/p>\n<p>Be\u015fikta\u015f&#8217;ta 19 ya\u015f alt\u0131 kadrosunun 3 oyuncusu birinci defa A grup formas\u0131 giydi.<\/p>\n<p> Siyah-beyazl\u0131 tak\u0131m\u0131n yedek tak\u0131m\u0131nda yer alan Baran Can, Poyraz Gelen ve Adnan Karahisar, K\u0131rklarelispor ma\u00e7\u0131nda birinci defa A grup tak\u0131m\u0131na dahil olarak mesleklerinde yeni bir ad\u0131m att\u0131lar.<\/p>\n<p> Yakup Arda K\u0131l\u0131\u00e7, Fahri Kerem Ay, Arda Berk \u00d6z\u00fcarap da kar\u015f\u0131la\u015fmada yer alan\u00a0Be\u015fikta\u015fl\u0131 gen\u00e7 futbolcular oldu.<\/p>\n<p><img decoding=\"async\" src=\"https:\/\/haberbesiktas.tr\/wp-content\/uploads\/2025\/03\/besiktas-kupada-kilidi-ikinci-yari-acti-3-VjBnEdQc.jpg\"\/><\/p>\n<p> <strong>TARAFTARLAR \u0130LG\u0130 G\u00d6STERMED\u0130<\/strong><\/p>\n<p>Atat\u00fcrk Olimpiyat Stad\u0131&#8217;ndaki kar\u015f\u0131la\u015fmaya siyah-beyazl\u0131 taraftarlar ilgi g\u00f6stermedi. Biletleri 10 ve 20 liradan sat\u0131\u015fa \u00e7\u0131kan ma\u00e7\u0131 yakla\u015f\u0131k 15 bin taraftar trib\u00fcnden takip etti.<\/p>\n<p> \u00d6te yandan\u00a0Be\u015fikta\u015f\u00a0sahaya, &#8220;6 \u015eubat&#8217;\u0131 unutmad\u0131k, unutturmayaca\u011f\u0131z.&#8221; yaz\u0131l\u0131 pankartla \u00e7\u0131kt\u0131.<\/p>\n<p> \u00a0<\/p>\n<\/div>\n","protected":false},"excerpt":{"rendered":"<p>Ziraat T\u00fcrkiye Kupas\u0131 D K\u00fcmesi ikinci hafta ma\u00e7\u0131nda Be\u015fikta\u015f, Atat\u00fcrk Olimpiyat Stadyumu&#8217;nda TFF 2. Lig grubu K\u0131rklarelispor&#8217;u 2-0 ma\u011flup etti.<\/p>\n","protected":false},"author":1,"featured_media":14469,"comment_status":"open","ping_status":"open","sticky":false,"template":"","format":"standard","meta":{"footnotes":""},"categories":[25],"tags":[1293,1530,120,50,1575],"class_list":["post-14468","post","type-post","status-publish","format-standard","has-post-thumbnail","hentry","category-futbol","tag-kadro","tag-kirklarelispor","tag-kupa","tag-mac","tag-siyah"],"_links":{"self":[{"href":"https:\/\/haberbesiktas.tr\/index.php?rest_route=\/wp\/v2\/posts\/14468","targetHints":{"allow":["GET"]}}],"collection":[{"href":"https:\/\/haberbesiktas.tr\/index.php?rest_route=\/wp\/v2\/posts"}],"about":[{"href":"https:\/\/haberbesiktas.tr\/index.php?rest_route=\/wp\/v2\/types\/post"}],"author":[{"embeddable":true,"href":"https:\/\/haberbesiktas.tr\/index.php?rest_route=\/wp\/v2\/users\/1"}],"replies":[{"embeddable":true,"href":"https:\/\/haberbesiktas.tr\/index.php?rest_route=%2Fwp%2Fv2%2Fcomments&post=14468"}],"version-history":[{"count":1,"href":"https:\/\/haberbesiktas.tr\/index.php?rest_route=\/wp\/v2\/posts\/14468\/revisions"}],"predecessor-version":[{"id":14474,"href":"https:\/\/haberbesiktas.tr\/index.php?rest_route=\/wp\/v2\/posts\/14468\/revisions\/14474"}],"wp:featuredmedia":[{"embeddable":true,"href":"https:\/\/haberbesiktas.tr\/index.php?rest_route=\/wp\/v2\/media\/14469"}],"wp:attachment":[{"href":"https:\/\/haberbesiktas.tr\/index.php?rest_route=%2Fwp%2Fv2%2Fmedia&parent=14468"}],"wp:term":[{"taxonomy":"category","embeddable":true,"href":"https:\/\/haberbesiktas.tr\/index.php?rest_route=%2Fwp%2Fv2%2Fcategories&post=14468"},{"taxonomy":"post_tag","embeddable":true,"href":"https:\/\/haberbesiktas.tr\/index.php?rest_route=%2Fwp%2Fv2%2Ftags&post=14468"}],"curies":[{"name":"wp","href":"https:\/\/api.w.org\/{rel}","templated":true}]}}