{"id":14499,"date":"2025-03-05T20:00:07","date_gmt":"2025-03-05T20:00:07","guid":{"rendered":"https:\/\/haberbesiktas.tr\/?p=14499"},"modified":"2025-03-05T20:00:07","modified_gmt":"2025-03-05T20:00:07","slug":"real-madrid-basantrenoru-mateo-cok-fazla-top-kaybi-yaptik","status":"publish","type":"post","link":"https:\/\/haberbesiktas.tr\/?p=14499","title":{"rendered":"Real Madrid Ba\u015fantren\u00f6r\u00fc Mateo: &#8220;\u00c7ok fazla top kayb\u0131 yapt\u0131k&#8221;"},"content":{"rendered":"<div>\n<div> Real Madrid Ba\u015fantren\u00f6r\u00fc Chus Mateo, m\u00fcsabakada \u00e7ok fazla top kayb\u0131 yapt\u0131klar\u0131n\u0131 ve \u00f6zg\u00fcr at\u0131\u015f ka\u00e7\u0131rd\u0131klar\u0131n\u0131 belirtti.<\/p>\n<p> Birinci \u00e7eyrekte d\u00fczg\u00fcn gayret ettiklerini aktaran Mateo, &#8220;Geriye d\u00fc\u015fmemize kar\u015f\u0131n rakibimizi yakalamay\u0131 ba\u015fard\u0131k. Atakta yeterliydik. \u0130ki say\u0131l\u0131k at\u0131\u015flarda yeterliydik lakin \u00fc\u00e7 say\u0131l\u0131k at\u0131\u015flarda d\u00fczg\u00fcn de\u011fildik. \u0130kinci yar\u0131ya d\u00fczg\u00fcn ba\u015flad\u0131k ve avantaj\u0131 lehimize \u00e7evirdik. Top kay\u0131plar\u0131 sonucunda oyun ritmini yitirdik. Bu tip ma\u00e7lar i\u00e7in 16 top kayb\u0131 mak\u00fbs bir durum. Ba\u015fa ba\u015f bir ma\u00e7 oldu. \u00c7ok fazla h\u00fcr at\u0131\u015f ka\u00e7\u0131rd\u0131k. Anadolu Efes&#8217;i galibiyetten \u00f6t\u00fcr\u00fc tebrik ediyorum.&#8221; de\u011ferlendirmesinde bulundu.<\/p>\n<div>\u00a0<\/div>\n<\/p><\/div>\n<div>\u00a0<\/div>\n<\/div>\n","protected":false},"excerpt":{"rendered":"<p>Real Madrid Ba\u015fantren\u00f6r\u00fc Mateo, Anadolu Efes&#8217;e 79-73 kaybettikleri ma\u00e7 sonras\u0131 a\u00e7\u0131klamalarda bulundu.<\/p>\n","protected":false},"author":1,"featured_media":14500,"comment_status":"open","ping_status":"open","sticky":false,"template":"","format":"standard","meta":{"footnotes":""},"categories":[10],"tags":[213],"class_list":["post-14499","post","type-post","status-publish","format-standard","has-post-thumbnail","hentry","category-basketbol","tag-bas"],"_links":{"self":[{"href":"https:\/\/haberbesiktas.tr\/index.php?rest_route=\/wp\/v2\/posts\/14499","targetHints":{"allow":["GET"]}}],"collection":[{"href":"https:\/\/haberbesiktas.tr\/index.php?rest_route=\/wp\/v2\/posts"}],"about":[{"href":"https:\/\/haberbesiktas.tr\/index.php?rest_route=\/wp\/v2\/types\/post"}],"author":[{"embeddable":true,"href":"https:\/\/haberbesiktas.tr\/index.php?rest_route=\/wp\/v2\/users\/1"}],"replies":[{"embeddable":true,"href":"https:\/\/haberbesiktas.tr\/index.php?rest_route=%2Fwp%2Fv2%2Fcomments&post=14499"}],"version-history":[{"count":1,"href":"https:\/\/haberbesiktas.tr\/index.php?rest_route=\/wp\/v2\/posts\/14499\/revisions"}],"predecessor-version":[{"id":14501,"href":"https:\/\/haberbesiktas.tr\/index.php?rest_route=\/wp\/v2\/posts\/14499\/revisions\/14501"}],"wp:featuredmedia":[{"embeddable":true,"href":"https:\/\/haberbesiktas.tr\/index.php?rest_route=\/wp\/v2\/media\/14500"}],"wp:attachment":[{"href":"https:\/\/haberbesiktas.tr\/index.php?rest_route=%2Fwp%2Fv2%2Fmedia&parent=14499"}],"wp:term":[{"taxonomy":"category","embeddable":true,"href":"https:\/\/haberbesiktas.tr\/index.php?rest_route=%2Fwp%2Fv2%2Fcategories&post=14499"},{"taxonomy":"post_tag","embeddable":true,"href":"https:\/\/haberbesiktas.tr\/index.php?rest_route=%2Fwp%2Fv2%2Ftags&post=14499"}],"curies":[{"name":"wp","href":"https:\/\/api.w.org\/{rel}","templated":true}]}}