{"id":14538,"date":"2025-03-05T22:36:06","date_gmt":"2025-03-05T22:36:06","guid":{"rendered":"https:\/\/haberbesiktas.tr\/?p=14538"},"modified":"2025-03-05T22:36:06","modified_gmt":"2025-03-05T22:36:06","slug":"atletico-madrid-farkli-sekilde-yari-finalde","status":"publish","type":"post","link":"https:\/\/haberbesiktas.tr\/?p=14538","title":{"rendered":"Atletico Madrid, &#8216;farkl\u0131&#8217; \u015fekilde yar\u0131 finalde"},"content":{"rendered":"<div>\u0130spanya Kral Kupas\u0131 \u00c7eyrek Final ma\u00e7\u0131nda Atletico Madrid ile Getafe kar\u015f\u0131 kar\u015f\u0131ya geldi.<\/p>\n<p> Riyadh Air Metropolitano&#8217;nda oynanan ma\u00e7ta Atletico Madrid, Getafe&#8217;yi 5-0 yendi.<\/p>\n<p> Atletico Madrid&#8217;e \u00e7e\u015fidi getiren golleri 8. ve 17. dakikalarda Guiliano Simeone, 42. dakikada Samuel Lino, 78. dakikada Angel Correa ve 86. dakikada Alexander S\u00f6rloth kaydetti.<\/p>\n<p> Ulusal futbolcumuz Bertu\u011f Y\u0131ld\u0131r\u0131m, Getafe ile ma\u00e7a birinci 11&#8217;de ba\u015flad\u0131 ve 45 dakika alanda kald\u0131.<\/p>\n<p> Bu sonu\u00e7la birlikte Atletico Madrid, Getafe&#8217;yi eleyerek \u0130spanya Kral Kupas\u0131&#8217;nda yar\u0131 finale y\u00fckseldi.<\/p>\n<\/div>\n","protected":false},"excerpt":{"rendered":"<p>\u0130spanya Kral Kupas\u0131 \u00c7eyrek Final ma\u00e7\u0131nda Atletico Madrid, Getafe&#8217;yi  5-0 yenerek kupada yar\u0131 finale y\u00fckseldi.<\/p>\n","protected":false},"author":1,"featured_media":14539,"comment_status":"open","ping_status":"open","sticky":false,"template":"","format":"standard","meta":{"footnotes":""},"categories":[25],"tags":[109],"class_list":["post-14538","post","type-post","status-publish","format-standard","has-post-thumbnail","hentry","category-futbol","tag-dakika"],"_links":{"self":[{"href":"https:\/\/haberbesiktas.tr\/index.php?rest_route=\/wp\/v2\/posts\/14538","targetHints":{"allow":["GET"]}}],"collection":[{"href":"https:\/\/haberbesiktas.tr\/index.php?rest_route=\/wp\/v2\/posts"}],"about":[{"href":"https:\/\/haberbesiktas.tr\/index.php?rest_route=\/wp\/v2\/types\/post"}],"author":[{"embeddable":true,"href":"https:\/\/haberbesiktas.tr\/index.php?rest_route=\/wp\/v2\/users\/1"}],"replies":[{"embeddable":true,"href":"https:\/\/haberbesiktas.tr\/index.php?rest_route=%2Fwp%2Fv2%2Fcomments&post=14538"}],"version-history":[{"count":1,"href":"https:\/\/haberbesiktas.tr\/index.php?rest_route=\/wp\/v2\/posts\/14538\/revisions"}],"predecessor-version":[{"id":14540,"href":"https:\/\/haberbesiktas.tr\/index.php?rest_route=\/wp\/v2\/posts\/14538\/revisions\/14540"}],"wp:featuredmedia":[{"embeddable":true,"href":"https:\/\/haberbesiktas.tr\/index.php?rest_route=\/wp\/v2\/media\/14539"}],"wp:attachment":[{"href":"https:\/\/haberbesiktas.tr\/index.php?rest_route=%2Fwp%2Fv2%2Fmedia&parent=14538"}],"wp:term":[{"taxonomy":"category","embeddable":true,"href":"https:\/\/haberbesiktas.tr\/index.php?rest_route=%2Fwp%2Fv2%2Fcategories&post=14538"},{"taxonomy":"post_tag","embeddable":true,"href":"https:\/\/haberbesiktas.tr\/index.php?rest_route=%2Fwp%2Fv2%2Ftags&post=14538"}],"curies":[{"name":"wp","href":"https:\/\/api.w.org\/{rel}","templated":true}]}}