{"id":14541,"date":"2025-03-05T22:48:07","date_gmt":"2025-03-05T22:48:07","guid":{"rendered":"https:\/\/haberbesiktas.tr\/?p=14541"},"modified":"2025-03-05T22:48:07","modified_gmt":"2025-03-05T22:48:07","slug":"fenerbahce-erzurumspor-fk-muhtemel-11ler","status":"publish","type":"post","link":"https:\/\/haberbesiktas.tr\/?p=14541","title":{"rendered":"Fenerbah\u00e7e &#8211; Erzurumspor FK: Muhtemel 11&#8217;ler"},"content":{"rendered":"<div>\n<p>Fenerbah\u00e7e, Ziraat T\u00fcrkiye Kupas\u0131 B K\u00fcmesi 2. hafta ma\u00e7\u0131nda Erzurumspor FK&#8217;yi konuk edecek.\u00a0<\/p>\n<p> \u00dclker Stad\u0131&#8217;nda oynanacak kar\u015f\u0131la\u015fma, saat 20.30&#8217;da ba\u015flayacak. U\u011fra\u015f, A Spor&#8217;dan canl\u0131 yay\u0131nlanacak.<\/p>\n<p>Kar\u015f\u0131la\u015fmada hakem Adnan Deniz Kayatepe d\u00fcd\u00fck \u00e7alacak. Kayatepe&#8217;nin yard\u0131mc\u0131l\u0131klar\u0131n\u0131 Samet \u00c7avu\u015f ile Samet \u00d6zkul yapacak. Kar\u015f\u0131la\u015fman\u0131n d\u00f6rd\u00fcnc\u00fc hakemi ise Mehmet Ali \u00d6zer.<\/p>\n<p> Birinci ma\u00e7\u0131nda konuk oldu\u011fu Kas\u0131mpa\u015fa&#8217;y\u0131 3-0 ma\u011flup eden Fenerbah\u00e7e, k\u00fcmede 3 puan\u0131 bulunan 3 kadrodan birisi.<\/p>\n<p> K\u00fcmedeki birinci ma\u00e7\u0131nda alan\u0131nda G\u00f6ztepe&#8217;ye 1-0 yenilen Erzurumspor FK&#8217;nin ise \u015fimdi puan\u0131 bulunmuyor.\u00a0<\/p>\n<p><strong>MUHTEMEL 11&#8217;LER<\/p>\n<p>Fenerbah\u00e7e: <\/strong>Ertu\u011frul, Djiku, \u00c7a\u011flar, Yusuf, Osayi, \u0130smail, Mert Hakan, Kostic, \u0130rfan Can, Talisca, Cenk\u00a0<\/p>\n<p><strong>Erzurumspor:<\/strong> G\u00f6ktu\u011f, Orhan, Mustafa, Yakup, Salih, Azubuike, Sefa, Giorbelidze, Teklic, Koray, Mamba<br \/><strong><br \/><img decoding=\"async\" src=\"https:\/\/haberbesiktas.tr\/wp-content\/uploads\/2025\/03\/fenerbahce-erzurumspor-fk-muhtemel-11ler-0-LUK9cTN3.jpg\"\/><br \/><\/strong><\/p>\n<p> <strong>&#8211; Tak\u0131mda rotasyon<\/strong><\/p>\n<p> Fenerbah\u00e7e Teknik Y\u00f6neticisi Jose Mourinho, a\u011f\u0131r ma\u00e7 program\u0131 sebebiyle futbolcular\u0131 dinlendirmek ismine Erzurumspor FK kar\u015f\u0131s\u0131nda rotasyonlu bir tak\u0131m tercihinde bulunacak.\u00a0<\/p>\n<p> Lig ma\u00e7lar\u0131nda fazla talih bulamayan futbolcular\u0131n u\u011fra\u015fta birinci 11&#8217;de olmas\u0131 bekleniyor.<\/p>\n<\/div>\n","protected":false},"excerpt":{"rendered":"<p>Fenerbah\u00e7e, Ziraat T\u00fcrkiye Kupas\u0131&#8217;nda Erzurumspor FK&#8217;yi konuk edecek.<\/p>\n","protected":false},"author":1,"featured_media":14542,"comment_status":"open","ping_status":"open","sticky":false,"template":"","format":"standard","meta":{"footnotes":""},"categories":[25],"tags":[50],"class_list":["post-14541","post","type-post","status-publish","format-standard","has-post-thumbnail","hentry","category-futbol","tag-mac"],"_links":{"self":[{"href":"https:\/\/haberbesiktas.tr\/index.php?rest_route=\/wp\/v2\/posts\/14541","targetHints":{"allow":["GET"]}}],"collection":[{"href":"https:\/\/haberbesiktas.tr\/index.php?rest_route=\/wp\/v2\/posts"}],"about":[{"href":"https:\/\/haberbesiktas.tr\/index.php?rest_route=\/wp\/v2\/types\/post"}],"author":[{"embeddable":true,"href":"https:\/\/haberbesiktas.tr\/index.php?rest_route=\/wp\/v2\/users\/1"}],"replies":[{"embeddable":true,"href":"https:\/\/haberbesiktas.tr\/index.php?rest_route=%2Fwp%2Fv2%2Fcomments&post=14541"}],"version-history":[{"count":1,"href":"https:\/\/haberbesiktas.tr\/index.php?rest_route=\/wp\/v2\/posts\/14541\/revisions"}],"predecessor-version":[{"id":14544,"href":"https:\/\/haberbesiktas.tr\/index.php?rest_route=\/wp\/v2\/posts\/14541\/revisions\/14544"}],"wp:featuredmedia":[{"embeddable":true,"href":"https:\/\/haberbesiktas.tr\/index.php?rest_route=\/wp\/v2\/media\/14542"}],"wp:attachment":[{"href":"https:\/\/haberbesiktas.tr\/index.php?rest_route=%2Fwp%2Fv2%2Fmedia&parent=14541"}],"wp:term":[{"taxonomy":"category","embeddable":true,"href":"https:\/\/haberbesiktas.tr\/index.php?rest_route=%2Fwp%2Fv2%2Fcategories&post=14541"},{"taxonomy":"post_tag","embeddable":true,"href":"https:\/\/haberbesiktas.tr\/index.php?rest_route=%2Fwp%2Fv2%2Ftags&post=14541"}],"curies":[{"name":"wp","href":"https:\/\/api.w.org\/{rel}","templated":true}]}}