{"id":14548,"date":"2025-03-05T23:12:07","date_gmt":"2025-03-05T23:12:07","guid":{"rendered":"https:\/\/haberbesiktas.tr\/?p=14548"},"modified":"2025-03-05T23:12:07","modified_gmt":"2025-03-05T23:12:07","slug":"fenerbahce-eren-elmali-icin-sartlari-zorluyor","status":"publish","type":"post","link":"https:\/\/haberbesiktas.tr\/?p=14548","title":{"rendered":"Fenerbah\u00e7e, Eren Elmal\u0131 i\u00e7in \u015fartlar\u0131 zorluyor"},"content":{"rendered":"<div>Transfere \u00e7ok s\u00fcratli bir giri\u015f yaparak Diego Carlos, Milan Skriniar, Ognjen Mimovic ve Anderson Talisca ile kontrat imzalayan Fenerbah\u00e7e, son transferini ger\u00e7ekle\u015ftirmek i\u00e7in harekete ge\u00e7ti.<\/p>\n<p>Sar\u0131-lacivertliler, Trabzonspor formas\u0131 giyen Eren Elmal\u0131&#8217;n\u0131n durumunu yak\u0131ndan takip ediyor.<\/p>\n<p><strong>YEN\u0130DEN G\u00d6R\u00dc\u015eME YAPILACAK\u00a0<\/strong><\/p>\n<p> Maximin&#8217;\u0131n Napoli&#8217;ye transferinin iptal olmas\u0131yla birlikte yabanc\u0131 kontenjan\u0131nda doluluk ya\u015fayan Fenerbah\u00e7e rotay\u0131 yerli oyunculara \u00e7evirdi.<\/p>\n<p> Buna nazaran sar\u0131-lacivertliler ulusal oyuncu i\u00e7in bordo-mavililere mutabakat taban\u0131 olmas\u0131 halinde resmi teklif sunacak.<\/p>\n<p> <strong>TRABZONSPOR&#8217;UN BONSERV\u0130S BEKLENT\u0130S\u0130<\/strong><\/p>\n<p> Karadeniz devi 2022 y\u0131l\u0131nda 3.6 milyon euro&#8217;ya transfer edilen 24 ya\u015f\u0131ndaki futbolcu i\u00e7in 5 milyon euro talep ediyor.TAKAS TEKL\u0130F\u0130 MASADA<\/p>\n<p> Fenerbah\u00e7e&#8217;nin bu transfer i\u00e7in oyuncu takas\u0131n\u0131 da teklif edebilece\u011fi kaydedildi.<\/p>\n<p> <strong>GALATASARAY DA \u0130STEM\u0130\u015eT\u0130<\/strong><\/p>\n<p> Eren Elmal\u0131 orta transfer devrinin ba\u015flar\u0131nda Galatasaray ile mutabakat noktas\u0131na gelmi\u015f ancak Galatasaray&#8217;\u0131n 3 milyon euro&#8217;dan \u00fcst \u00e7\u0131kmamas\u0131 sebebiyle transfer ger\u00e7ekle\u015fmemi\u015fti.<\/p>\n<p> <strong>PERFORMANSI<\/strong><\/p>\n<p> Eren Elmal\u0131&#8217;n\u0131n Trabzonspor ile 2027 y\u0131l\u0131na kadar kontrat\u0131 bulunuyor.<\/p>\n<p> Ulusal grup ile de 14 ma\u00e7a \u00e7\u0131kan gen\u00e7 sol bekin piyasa k\u0131ymeti ise 4 milyon euro olarak g\u00f6z\u00fck\u00fcyor.<\/p>\n<p> Eren Elmal\u0131 bu d\u00f6nem ise Trabzonspor formas\u0131yla 22 ma\u00e7a \u00e7\u0131kt\u0131 ve 1 asist kaydetti.<\/p>\n<\/div>\n","protected":false},"excerpt":{"rendered":"<p>Devre ortas\u0131 transfer devrinde d\u00f6rt futbolcuyu tak\u0131m\u0131na katan Fenerbah\u00e7e, son transferi i\u00e7in Trabzonspor&#8217;un kap\u0131s\u0131n\u0131 \u00e7ald\u0131.<\/p>\n","protected":false},"author":1,"featured_media":14549,"comment_status":"open","ping_status":"open","sticky":false,"template":"","format":"standard","meta":{"footnotes":""},"categories":[25],"tags":[48],"class_list":["post-14548","post","type-post","status-publish","format-standard","has-post-thumbnail","hentry","category-futbol","tag-transfer"],"_links":{"self":[{"href":"https:\/\/haberbesiktas.tr\/index.php?rest_route=\/wp\/v2\/posts\/14548","targetHints":{"allow":["GET"]}}],"collection":[{"href":"https:\/\/haberbesiktas.tr\/index.php?rest_route=\/wp\/v2\/posts"}],"about":[{"href":"https:\/\/haberbesiktas.tr\/index.php?rest_route=\/wp\/v2\/types\/post"}],"author":[{"embeddable":true,"href":"https:\/\/haberbesiktas.tr\/index.php?rest_route=\/wp\/v2\/users\/1"}],"replies":[{"embeddable":true,"href":"https:\/\/haberbesiktas.tr\/index.php?rest_route=%2Fwp%2Fv2%2Fcomments&post=14548"}],"version-history":[{"count":1,"href":"https:\/\/haberbesiktas.tr\/index.php?rest_route=\/wp\/v2\/posts\/14548\/revisions"}],"predecessor-version":[{"id":14550,"href":"https:\/\/haberbesiktas.tr\/index.php?rest_route=\/wp\/v2\/posts\/14548\/revisions\/14550"}],"wp:featuredmedia":[{"embeddable":true,"href":"https:\/\/haberbesiktas.tr\/index.php?rest_route=\/wp\/v2\/media\/14549"}],"wp:attachment":[{"href":"https:\/\/haberbesiktas.tr\/index.php?rest_route=%2Fwp%2Fv2%2Fmedia&parent=14548"}],"wp:term":[{"taxonomy":"category","embeddable":true,"href":"https:\/\/haberbesiktas.tr\/index.php?rest_route=%2Fwp%2Fv2%2Fcategories&post=14548"},{"taxonomy":"post_tag","embeddable":true,"href":"https:\/\/haberbesiktas.tr\/index.php?rest_route=%2Fwp%2Fv2%2Ftags&post=14548"}],"curies":[{"name":"wp","href":"https:\/\/api.w.org\/{rel}","templated":true}]}}