{"id":14551,"date":"2025-03-05T23:24:05","date_gmt":"2025-03-05T23:24:05","guid":{"rendered":"https:\/\/haberbesiktas.tr\/?p=14551"},"modified":"2025-03-05T23:24:05","modified_gmt":"2025-03-05T23:24:05","slug":"galatasaraya-transferde-57-milyon-euro","status":"publish","type":"post","link":"https:\/\/haberbesiktas.tr\/?p=14551","title":{"rendered":"Galatasaray&#8217;a transferde 57 milyon euro!"},"content":{"rendered":"<div>Galatasaray&#8217;da d\u00f6rd\u00fcnc\u00fc Fatih Terim devri, kul\u00fcbe yakla\u015f\u0131k 57 milyon euro bonservis geliri sa\u011flad\u0131!<\/p>\n<p> Sar\u0131 k\u0131rm\u0131z\u0131l\u0131lar, Terim periyodunda yap\u0131lan gen\u00e7le\u015ftirme operasyonunun meyvelerini toplamaya ba\u015flad\u0131. 2021-22 d\u00f6neminde alanda beklenen muvaffakiyet gelmeyince Terim ile yollar ayr\u0131lm\u0131\u015ft\u0131. Ancak onun devrinde &#8216;y\u0131ld\u0131z aday\u0131&#8217; olarak tak\u0131ma kat\u0131lan oyuncular Avrupa&#8217;n\u0131n esasl\u0131 kul\u00fcpleri taraf\u0131ndan kap\u0131\u015f\u0131lmaya ba\u015fland\u0131. Sacha Boey 30 milyon euro&#8217;ya Bayern&#8217;e, Marcao 15 milyon euro&#8217;ya Sevilla&#8217;ya, Kerem Akt\u00fcrko\u011flu 12 milyon euro&#8217;ya Benfica&#8217;ya sat\u0131ld\u0131.<\/p>\n<p> Orta transfer devrinde de Victor Nelsson, yar\u0131m d\u00f6nemli\u011fine 500 bin euro&#8217;ya Roma&#8217;ya kiralan\u0131rken, bu oyuncu i\u00e7in ayr\u0131yeten 12 milyon avroluk sat\u0131n alma opsiyonu konuldu.<\/p>\n<p> <strong>30 M\u0130LYON EURO<\/strong><\/p>\n<p> Bu oyuncular\u0131n yan\u0131 s\u0131ra Galatasaray&#8217;\u0131n tekrar yat\u0131r\u0131m olarak tak\u0131ma katt\u0131\u011f\u0131 oyunculardan Bar\u0131\u015f Alper Y\u0131lmaz i\u00e7in de devler yar\u0131\u015f i\u00e7inde. 2021-22 d\u00f6nemi ba\u015f\u0131nda Ke\u00e7i\u00f6reng\u00fcc\u00fc&#8217;nden al\u0131nan Bar\u0131\u015f Alper i\u00e7in \u015fu anda West Ham&#8217;\u0131n 30 milyon euro&#8217;luk teklifi masada duruyor. \u015eayet Nelsson ve Bar\u0131\u015f kelam konusu say\u0131lara sat\u0131l\u0131rsa sar\u0131 k\u0131rm\u0131z\u0131l\u0131lar\u0131n geliri 100 milyon avroyu bulacak.<\/p>\n<\/div>\n","protected":false},"excerpt":{"rendered":"<p>Galatasaray, Fatih Terim periyodunda transfer edilen Sacha Boey, Marcao ve Kerem Akt\u00fcrko\u011flu&#8217;nun transferlerinden yakla\u015f\u0131k 57 milyon euro kasaya koydu.<\/p>\n","protected":false},"author":1,"featured_media":14552,"comment_status":"open","ping_status":"open","sticky":false,"template":"","format":"standard","meta":{"footnotes":""},"categories":[25],"tags":[131],"class_list":["post-14551","post","type-post","status-publish","format-standard","has-post-thumbnail","hentry","category-futbol","tag-milyon-euro"],"_links":{"self":[{"href":"https:\/\/haberbesiktas.tr\/index.php?rest_route=\/wp\/v2\/posts\/14551","targetHints":{"allow":["GET"]}}],"collection":[{"href":"https:\/\/haberbesiktas.tr\/index.php?rest_route=\/wp\/v2\/posts"}],"about":[{"href":"https:\/\/haberbesiktas.tr\/index.php?rest_route=\/wp\/v2\/types\/post"}],"author":[{"embeddable":true,"href":"https:\/\/haberbesiktas.tr\/index.php?rest_route=\/wp\/v2\/users\/1"}],"replies":[{"embeddable":true,"href":"https:\/\/haberbesiktas.tr\/index.php?rest_route=%2Fwp%2Fv2%2Fcomments&post=14551"}],"version-history":[{"count":1,"href":"https:\/\/haberbesiktas.tr\/index.php?rest_route=\/wp\/v2\/posts\/14551\/revisions"}],"predecessor-version":[{"id":14553,"href":"https:\/\/haberbesiktas.tr\/index.php?rest_route=\/wp\/v2\/posts\/14551\/revisions\/14553"}],"wp:featuredmedia":[{"embeddable":true,"href":"https:\/\/haberbesiktas.tr\/index.php?rest_route=\/wp\/v2\/media\/14552"}],"wp:attachment":[{"href":"https:\/\/haberbesiktas.tr\/index.php?rest_route=%2Fwp%2Fv2%2Fmedia&parent=14551"}],"wp:term":[{"taxonomy":"category","embeddable":true,"href":"https:\/\/haberbesiktas.tr\/index.php?rest_route=%2Fwp%2Fv2%2Fcategories&post=14551"},{"taxonomy":"post_tag","embeddable":true,"href":"https:\/\/haberbesiktas.tr\/index.php?rest_route=%2Fwp%2Fv2%2Ftags&post=14551"}],"curies":[{"name":"wp","href":"https:\/\/api.w.org\/{rel}","templated":true}]}}