{"id":14554,"date":"2025-03-05T23:36:05","date_gmt":"2025-03-05T23:36:05","guid":{"rendered":"https:\/\/haberbesiktas.tr\/?p=14554"},"modified":"2025-03-05T23:36:05","modified_gmt":"2025-03-05T23:36:05","slug":"galatasarayda-baris-alpere-zam","status":"publish","type":"post","link":"https:\/\/haberbesiktas.tr\/?p=14554","title":{"rendered":"Galatasaray&#8217;da Bar\u0131\u015f Alper&#8217;e zam!"},"content":{"rendered":"<div>Galatasaray&#8217;da \u0130ngilizlerin istedi\u011fi Bar\u0131\u015f Alper&#8217;e iki \u0130talyan kul\u00fcb\u00fc de teklif iletti.<\/p>\n<p> Galatasaray ile kontrat\u0131n\u0131 2028&#8217;e uzatan ba\u015far\u0131l\u0131 isim performans\u0131yla takdir toplad\u0131. Bar\u0131\u015f Alper&#8217;in garanti fiyat\u0131 2 milyon euro&#8217;ya \u00e7\u0131kt\u0131.<\/p>\n<p> Bu ortada ulusal futbolcu, \u0130ngilizce ve \u0130talyanca dersleri al\u0131yor.<\/p>\n<p> Bar\u0131\u015f Alper&#8217;e 30 milyon euro&#8217;nun \u00fczerinde \u00f6teki bi\u00e7iliyor.<\/p>\n<p> Galatasaray&#8217;da bu d\u00f6nem 32 ma\u00e7ta m\u00fcddet bulan 24 ya\u015f\u0131ndakif utbolcu, 11 gol att\u0131 ve 2 asist yapt\u0131.<\/p>\n<\/div>\n","protected":false},"excerpt":{"rendered":"<p>Galatasaray, yeni kontratla birlikte Bar\u0131\u015f Alper Y\u0131lmaz&#8217;\u0131n garanti fiyat\u0131n\u0131 2 milyon euro&#8217;ya \u00e7\u0131kard\u0131.<\/p>\n","protected":false},"author":1,"featured_media":14555,"comment_status":"open","ping_status":"open","sticky":false,"template":"","format":"standard","meta":{"footnotes":""},"categories":[25],"tags":[],"class_list":["post-14554","post","type-post","status-publish","format-standard","has-post-thumbnail","hentry","category-futbol"],"_links":{"self":[{"href":"https:\/\/haberbesiktas.tr\/index.php?rest_route=\/wp\/v2\/posts\/14554","targetHints":{"allow":["GET"]}}],"collection":[{"href":"https:\/\/haberbesiktas.tr\/index.php?rest_route=\/wp\/v2\/posts"}],"about":[{"href":"https:\/\/haberbesiktas.tr\/index.php?rest_route=\/wp\/v2\/types\/post"}],"author":[{"embeddable":true,"href":"https:\/\/haberbesiktas.tr\/index.php?rest_route=\/wp\/v2\/users\/1"}],"replies":[{"embeddable":true,"href":"https:\/\/haberbesiktas.tr\/index.php?rest_route=%2Fwp%2Fv2%2Fcomments&post=14554"}],"version-history":[{"count":1,"href":"https:\/\/haberbesiktas.tr\/index.php?rest_route=\/wp\/v2\/posts\/14554\/revisions"}],"predecessor-version":[{"id":14556,"href":"https:\/\/haberbesiktas.tr\/index.php?rest_route=\/wp\/v2\/posts\/14554\/revisions\/14556"}],"wp:featuredmedia":[{"embeddable":true,"href":"https:\/\/haberbesiktas.tr\/index.php?rest_route=\/wp\/v2\/media\/14555"}],"wp:attachment":[{"href":"https:\/\/haberbesiktas.tr\/index.php?rest_route=%2Fwp%2Fv2%2Fmedia&parent=14554"}],"wp:term":[{"taxonomy":"category","embeddable":true,"href":"https:\/\/haberbesiktas.tr\/index.php?rest_route=%2Fwp%2Fv2%2Fcategories&post=14554"},{"taxonomy":"post_tag","embeddable":true,"href":"https:\/\/haberbesiktas.tr\/index.php?rest_route=%2Fwp%2Fv2%2Ftags&post=14554"}],"curies":[{"name":"wp","href":"https:\/\/api.w.org\/{rel}","templated":true}]}}