{"id":14557,"date":"2025-03-05T23:48:04","date_gmt":"2025-03-05T23:48:04","guid":{"rendered":"https:\/\/haberbesiktas.tr\/?p=14557"},"modified":"2025-03-05T23:48:04","modified_gmt":"2025-03-05T23:48:04","slug":"fenerbahcede-bright-osayi-samuel-krizi","status":"publish","type":"post","link":"https:\/\/haberbesiktas.tr\/?p=14557","title":{"rendered":"Fenerbah\u00e7e&#8217;de Bright Osayi-Samuel krizi!"},"content":{"rendered":"<div>Bright Osayi-Samuel, son y\u0131llarda kadronun vazge\u00e7ilmeziyken bu d\u00f6nem adeta ba\u015f a\u011fr\u0131s\u0131 haline geldi. <\/p>\n<p>Ba\u015far\u0131l\u0131 oyuncunun kontrat\u0131 d\u00f6nem sonunda bitiyor. <\/p>\n<p>Y\u00f6netim, Samuel ve menajeriyle bir\u00e7ok g\u00f6r\u00fc\u015fme yapt\u0131 lakin sunulan teklifler bir bir geri \u00e7evrildi. Bunun \u00fczerine s\u00fcrpriz bir atakla sa\u011f beke Mimovic transferi yap\u0131ld\u0131. Samuel g\u00f6zden \u00e7\u0131kar\u0131ld\u0131.<\/p>\n<p> <strong>BEKLENEN TEKL\u0130F GELMED\u0130<\/strong><\/p>\n<p> Bilhassa \u0130ngiltere&#8217;den talipleri olan 27 ya\u015f\u0131ndaki oyuncu i\u00e7in buradan gelen teklifler beklendi. Daha evvel \u00e7ift haneli say\u0131lar\u0131 geri \u00e7eviren idare, bu sefer umdu\u011funu bulamad\u0131. <\/p>\n<p>Fulham&#8217;dan gelen teklifi yetersiz bulan Fenerbah\u00e7e&#8217;de \u0130ngiltere ve Avrupa&#8217;n\u0131n k\u0131ymetli liglerinde transfer periyodunun bitmesiyle birlikte Osayi-Samuel sorunu \u00e7\u0131kmaza girdi. Nijeryal\u0131 futbolcunun, T\u00fcrkiye&#8217;de transfer penceresi kapand\u0131ktan sonra bir daha forma giymesi \u00e7ok s\u0131k\u0131nt\u0131.<\/p>\n<p> <strong>1 YABANCI DI\u015eARIDA KALACAK<\/strong><\/p>\n<p> Bunun nedeni, kontenjan problemi. 14 yabanc\u0131ya lisans \u00e7\u0131kar\u0131labiliyor ve Fenerbah\u00e7e&#8217;de 17 oyuncu var. Sakatl\u0131klar\u0131 nedeniyle d\u00f6nemi kapatan Becao ve Oosterwolde&#8217;nin lisanslar\u0131 ask\u0131ya al\u0131nacak. Lakin bir oyuncunun daha d\u0131\u015far\u0131da kalmas\u0131 gerekecek. <\/p>\n<p>Maximin&#8217;in Napoli&#8217;ye gidememesi sonras\u0131 bu ismin Samuel olmas\u0131 bekleniyor. Ba\u015far\u0131l\u0131 oyuncunun d\u00f6nem sonunda bedelsiz olarak ayr\u0131lmas\u0131 da y\u00fcksek ihtimal olarak g\u00f6r\u00fcl\u00fcyor.<\/p>\n<\/div>\n","protected":false},"excerpt":{"rendered":"<p>Fenerbah\u00e7e oyuncusu Bright Osayi-Samuel&#8217;in kontrat iste\u011finin ger\u00e7ekle\u015fmemesi, akabinde oyuncu yerine gelen Mimovic transferi Osayi ile idaresi kriz e\u015fi\u011fine getirdi.<\/p>\n","protected":false},"author":1,"featured_media":14558,"comment_status":"open","ping_status":"open","sticky":false,"template":"","format":"standard","meta":{"footnotes":""},"categories":[25],"tags":[49,1153],"class_list":["post-14557","post","type-post","status-publish","format-standard","has-post-thumbnail","hentry","category-futbol","tag-oyuncu","tag-samuel"],"_links":{"self":[{"href":"https:\/\/haberbesiktas.tr\/index.php?rest_route=\/wp\/v2\/posts\/14557","targetHints":{"allow":["GET"]}}],"collection":[{"href":"https:\/\/haberbesiktas.tr\/index.php?rest_route=\/wp\/v2\/posts"}],"about":[{"href":"https:\/\/haberbesiktas.tr\/index.php?rest_route=\/wp\/v2\/types\/post"}],"author":[{"embeddable":true,"href":"https:\/\/haberbesiktas.tr\/index.php?rest_route=\/wp\/v2\/users\/1"}],"replies":[{"embeddable":true,"href":"https:\/\/haberbesiktas.tr\/index.php?rest_route=%2Fwp%2Fv2%2Fcomments&post=14557"}],"version-history":[{"count":1,"href":"https:\/\/haberbesiktas.tr\/index.php?rest_route=\/wp\/v2\/posts\/14557\/revisions"}],"predecessor-version":[{"id":14559,"href":"https:\/\/haberbesiktas.tr\/index.php?rest_route=\/wp\/v2\/posts\/14557\/revisions\/14559"}],"wp:featuredmedia":[{"embeddable":true,"href":"https:\/\/haberbesiktas.tr\/index.php?rest_route=\/wp\/v2\/media\/14558"}],"wp:attachment":[{"href":"https:\/\/haberbesiktas.tr\/index.php?rest_route=%2Fwp%2Fv2%2Fmedia&parent=14557"}],"wp:term":[{"taxonomy":"category","embeddable":true,"href":"https:\/\/haberbesiktas.tr\/index.php?rest_route=%2Fwp%2Fv2%2Fcategories&post=14557"},{"taxonomy":"post_tag","embeddable":true,"href":"https:\/\/haberbesiktas.tr\/index.php?rest_route=%2Fwp%2Fv2%2Ftags&post=14557"}],"curies":[{"name":"wp","href":"https:\/\/api.w.org\/{rel}","templated":true}]}}