{"id":14608,"date":"2025-03-06T03:12:05","date_gmt":"2025-03-06T03:12:05","guid":{"rendered":"https:\/\/haberbesiktas.tr\/?p=14608"},"modified":"2025-03-06T03:12:05","modified_gmt":"2025-03-06T03:12:05","slug":"doncic-dallas-beni-neden-takas-etti-bilmiyorum","status":"publish","type":"post","link":"https:\/\/haberbesiktas.tr\/?p=14608","title":{"rendered":"Doncic: &#8220;Dallas beni neden takas etti bilmiyorum&#8221;"},"content":{"rendered":"<div>Los Angeles Lakers&#8217;\u0131n yeni y\u0131ld\u0131z oyuncusu Luka Don\u010di\u0107, LeBron James ile sahay\u0131 payla\u015fma f\u0131rsat\u0131n\u0131 &#8220;hayalinin ger\u00e7ek olmas\u0131&#8221; olarak nitelendirdi.<\/p>\n<p> Dallas Mavericks&#8217;ten takas edildikten sonra kat\u0131ld\u0131\u011f\u0131 birinci bas\u0131n toplant\u0131s\u0131nda Don\u010di\u0107, \u015fok edici takas\u0131n akabinde h\u00e2l\u00e2 yeni bir kadroda olmaya al\u0131\u015fmaya \u00e7al\u0131\u015ft\u0131\u011f\u0131n\u0131 itiraf etti:<\/p>\n<p> <strong>&#8220;\u0130lk g\u00fcn sahiden zordu&#8230; Son 48 saat, 1 ay \u00fczere hissettirdi.&#8221;<\/strong><\/p>\n<p> Don\u010di\u0107 ayr\u0131yeten Dallas&#8217;tan nas\u0131l g\u00f6nderildi\u011fini h\u00e2l\u00e2 atlatamad\u0131\u011f\u0131n\u0131 belirtirken, Los Angeles&#8217;taki gelece\u011fi i\u00e7in sab\u0131rs\u0131zland\u0131\u011f\u0131n\u0131 da kelamlar\u0131na ekledi:<\/p>\n<p> <strong>&#8220;Kariyerimin tamam\u0131n\u0131 orada ge\u00e7irece\u011fimi d\u00fc\u015f\u00fcnm\u00fc\u015ft\u00fcm. Sadakat benim i\u00e7in de\u011ferli bir kavramd\u0131r&#8230; Ancak burada okyanus var. Lakers&#8217;ta oynayabilece\u011fim. Bunu s\u00f6yleyebilecek \u00e7ok ki\u015fi yok.&#8221;<\/strong><\/p>\n<p> Mavs, Pazar g\u00fcn\u00fc Don\u010di\u0107 ve Maxi Kleber ile Markieff Morris&#8217;i y\u0131ld\u0131z oyuncu Anthony Davis, Max Christie ve 2029 birinci \u00e7e\u015fit draft hakk\u0131 kar\u015f\u0131l\u0131\u011f\u0131nda Lakers&#8217;a takas ederek NBA d\u00fcnyas\u0131n\u0131 \u015fok etmi\u015fti.<\/p>\n<p> Dallas&#8217;\u0131n kendisini neden takas etti\u011fine dair kan\u0131lar\u0131 soruldu\u011funda, Don\u010di\u0107 sadece: <strong>&#8220;Bir karar verdiler. Nedenini bilmiyorum.&#8221;<\/strong> s\u00f6zlerini kulland\u0131 ve takas\u0131 \u00f6\u011frendi\u011finde birinci yans\u0131s\u0131n\u0131 \u015fu s\u00f6zlerle a\u00e7\u0131klad\u0131:<\/p>\n<p> <strong>&#8220;Uyuyordum&#8230; 1 Nisan olup olmad\u0131\u011f\u0131n\u0131 g\u00f6rmek i\u00e7in telefonumu denetim ettim.&#8221;<\/strong><\/p>\n<p> Dallas genel menajeri Nico Harrison, muahededen sonra Don\u010di\u0107 i\u00e7in takas konusunda g\u00f6r\u00fc\u015ft\u00fc\u011f\u00fc tek kadronun Los Angeles oldu\u011funu s\u00f6ylemi\u015fti. Ayr\u0131yeten 25 ya\u015f\u0131ndaki y\u0131ld\u0131z\u0131n Mavs ile uzatma imzalamak istemedi\u011fini yahut ayr\u0131lmak istedi\u011fini hi\u00e7bir vakit belirtmedi\u011fini de itiraf etmi\u015fti.<\/p>\n<p> Don\u010di\u0107 de bunu do\u011frulad\u0131 ve kadroyla kontrat\u0131n\u0131 uzatmay\u0131 kabul etmeyece\u011fine dair bir i\u015faret verip vermedi\u011fi soruldu\u011funda <strong>&#8220;Kesinlikle hay\u0131r&#8221;<\/strong> kar\u015f\u0131l\u0131\u011f\u0131n\u0131 verdi.<\/p>\n<p> Luka, son g\u00fcnlerde Dallas&#8217;tan <strong>&#8220;kondisyonunun yeteri kadar g\u00fczel olmad\u0131\u011f\u0131na&#8221;<\/strong> dair gelen yorumlar hakk\u0131nda<strong> &#8220;Bir \u015fey s\u00f6ylemesem daha iyi&#8221;<\/strong> halinde cevap verdi ve bunun kendisi i\u00e7in <strong>&#8220;b\u00fcy\u00fck bir motivasyon&#8221;<\/strong> oldu\u011funu da kelamlar\u0131na ekledi.<\/p>\n<p> Don\u010di\u0107, sol bald\u0131r\u0131ndaki gerginlik nedeniyle Noel G\u00fcn\u00fc&#8217;nden beri forma giyemiyor olsa da, g\u00fczelle\u015fme s\u00fcrecini h\u0131zland\u0131rd\u0131\u011f\u0131 ve geri d\u00f6n\u00fc\u015fe yakla\u015ft\u0131\u011f\u0131 bildiriliyor. Bu d\u00f6nem 22 ma\u00e7ta forma giyen Lakers&#8217;\u0131n yeni y\u0131ld\u0131z\u0131, 28,1 say\u0131, 8,3 ribaund ve 7,8 asist ortalamalar\u0131 \u00fcretti.<\/p>\n<\/div>\n","protected":false},"excerpt":{"rendered":"<p>Los Angeles Lakers&#8217;\u0131n yeni y\u0131ld\u0131z oyuncusu Luka Don\u010di\u0107, LeBron James ile sahay\u0131 payla\u015fma f\u0131rsat\u0131n\u0131 &#8220;hayalinin ger\u00e7ek olmas\u0131&#8221; olarak nitelendirdi.<\/p>\n","protected":false},"author":1,"featured_media":14609,"comment_status":"open","ping_status":"open","sticky":false,"template":"","format":"standard","meta":{"footnotes":""},"categories":[10],"tags":[1580,1389,140],"class_list":["post-14608","post","type-post","status-publish","format-standard","has-post-thumbnail","hentry","category-basketbol","tag-dallas","tag-doncic","tag-takas"],"_links":{"self":[{"href":"https:\/\/haberbesiktas.tr\/index.php?rest_route=\/wp\/v2\/posts\/14608","targetHints":{"allow":["GET"]}}],"collection":[{"href":"https:\/\/haberbesiktas.tr\/index.php?rest_route=\/wp\/v2\/posts"}],"about":[{"href":"https:\/\/haberbesiktas.tr\/index.php?rest_route=\/wp\/v2\/types\/post"}],"author":[{"embeddable":true,"href":"https:\/\/haberbesiktas.tr\/index.php?rest_route=\/wp\/v2\/users\/1"}],"replies":[{"embeddable":true,"href":"https:\/\/haberbesiktas.tr\/index.php?rest_route=%2Fwp%2Fv2%2Fcomments&post=14608"}],"version-history":[{"count":1,"href":"https:\/\/haberbesiktas.tr\/index.php?rest_route=\/wp\/v2\/posts\/14608\/revisions"}],"predecessor-version":[{"id":14610,"href":"https:\/\/haberbesiktas.tr\/index.php?rest_route=\/wp\/v2\/posts\/14608\/revisions\/14610"}],"wp:featuredmedia":[{"embeddable":true,"href":"https:\/\/haberbesiktas.tr\/index.php?rest_route=\/wp\/v2\/media\/14609"}],"wp:attachment":[{"href":"https:\/\/haberbesiktas.tr\/index.php?rest_route=%2Fwp%2Fv2%2Fmedia&parent=14608"}],"wp:term":[{"taxonomy":"category","embeddable":true,"href":"https:\/\/haberbesiktas.tr\/index.php?rest_route=%2Fwp%2Fv2%2Fcategories&post=14608"},{"taxonomy":"post_tag","embeddable":true,"href":"https:\/\/haberbesiktas.tr\/index.php?rest_route=%2Fwp%2Fv2%2Ftags&post=14608"}],"curies":[{"name":"wp","href":"https:\/\/api.w.org\/{rel}","templated":true}]}}