{"id":14611,"date":"2025-03-06T03:24:06","date_gmt":"2025-03-06T03:24:06","guid":{"rendered":"https:\/\/haberbesiktas.tr\/?p=14611"},"modified":"2025-03-06T03:24:06","modified_gmt":"2025-03-06T03:24:06","slug":"iki-buyukten-reguilona-ilgi-var","status":"publish","type":"post","link":"https:\/\/haberbesiktas.tr\/?p=14611","title":{"rendered":"\u0130ki b\u00fcy\u00fckten Reguilon&#8217;a ilgi var!"},"content":{"rendered":"<div>Ara transfer devrinde \u00e7al\u0131\u015fmalar devam ediyor.<\/p>\n<p>AS&#8217;\u0131n haberine nazaran Galatasaray ve Be\u015fikta\u015f, Tottenham&#8217;\u0131n sol beki Reguil\u00f3n ile ilgileniyor.<\/p>\n<p> Ge\u00e7mi\u015fte Suudi Arabistan&#8217;a transfer olma f\u0131rsat\u0131 yakalayan ve birka\u00e7 g\u00fcn evvel Monaco&#8217;ya gitme baht\u0131 bulunan Reguil\u00f3n, yaz aylar\u0131nda kul\u00fcb\u00fc Tottenham&#8217;a geri d\u00f6nd\u00fc. <\/p>\n<p>Daha evvel s\u0131ras\u0131yla Atl\u00e9tico Madrid, Manchester United ve Brentford&#8217;a kiralanan oyuncu, bilhassa Brentford&#8217;daki performans\u0131yla dikkat \u00e7ekti ve Spurs taraf\u0131ndan tekrar ekibe kat\u0131ld\u0131.<\/p>\n<p><strong>TOTTENHAM&#8217;DA BEL\u0130RS\u0130ZL\u0130K HAK\u0130M<\/strong><\/p>\n<p> Lakin, Ange Postecoglou idaresindeki Tottenham&#8217;daki belirsizlik ortam\u0131, birtak\u0131m oyuncular\u0131n devre ortas\u0131 transfer devrinde ayr\u0131lmas\u0131na yol a\u00e7t\u0131. Regulion&#8217;un da bu isimlerden biri olabilece\u011fi konu\u015fuluyor.<\/p>\n<p><strong> LEVY BIRAKMIYOR<\/strong><\/p>\n<p>Ancak en b\u00fcy\u00fck mahzur, kul\u00fcp sahibi Daniel Levy&#8217;nin oyuncuyu b\u0131rakmaya yana\u015fmamas\u0131. <\/p>\n<p>Reguil\u00f3n&#8217;un kontrat\u0131 haziran ay\u0131nda sona erecek ve Tottenham, onu h\u00fcr b\u0131rakmas\u0131 halinde maa\u015f\u0131n\u0131n yar\u0131s\u0131n\u0131 \u00f6demekten kurtulacak. Buna kar\u015f\u0131n, \u015fu ana kadar Levy oyuncunun ayr\u0131l\u0131\u011f\u0131na onay vermedi.<\/p>\n<p><strong>PERFORMANSI<\/strong><\/p>\n<p>Bu d\u00f6nem ba\u015f\u0131nda Tottenham&#8217;a geri d\u00f6nen \u0130spanyol sel bek, 3&#8217;\u00fc Premier Lig olmak \u00fczere sadece 5 ma\u00e7ta forma baht\u0131 buldu ve 242 dakika m\u00fcddet ald\u0131.<\/p>\n<p> \u00a0<\/p>\n<\/div>\n","protected":false},"excerpt":{"rendered":"<p>Tottenham&#8217;\u0131n \u0130spanyol sol beki Sergio Reguil\u00f3n i\u00e7in Be\u015fikta\u015f ve Galatasaray&#8217;\u0131n ilgilendi\u011fi \u00f6ne s\u00fcr\u00fcld\u00fc.<\/p>\n","protected":false},"author":1,"featured_media":14612,"comment_status":"open","ping_status":"open","sticky":false,"template":"","format":"standard","meta":{"footnotes":""},"categories":[25],"tags":[],"class_list":["post-14611","post","type-post","status-publish","format-standard","has-post-thumbnail","hentry","category-futbol"],"_links":{"self":[{"href":"https:\/\/haberbesiktas.tr\/index.php?rest_route=\/wp\/v2\/posts\/14611","targetHints":{"allow":["GET"]}}],"collection":[{"href":"https:\/\/haberbesiktas.tr\/index.php?rest_route=\/wp\/v2\/posts"}],"about":[{"href":"https:\/\/haberbesiktas.tr\/index.php?rest_route=\/wp\/v2\/types\/post"}],"author":[{"embeddable":true,"href":"https:\/\/haberbesiktas.tr\/index.php?rest_route=\/wp\/v2\/users\/1"}],"replies":[{"embeddable":true,"href":"https:\/\/haberbesiktas.tr\/index.php?rest_route=%2Fwp%2Fv2%2Fcomments&post=14611"}],"version-history":[{"count":1,"href":"https:\/\/haberbesiktas.tr\/index.php?rest_route=\/wp\/v2\/posts\/14611\/revisions"}],"predecessor-version":[{"id":14613,"href":"https:\/\/haberbesiktas.tr\/index.php?rest_route=\/wp\/v2\/posts\/14611\/revisions\/14613"}],"wp:featuredmedia":[{"embeddable":true,"href":"https:\/\/haberbesiktas.tr\/index.php?rest_route=\/wp\/v2\/media\/14612"}],"wp:attachment":[{"href":"https:\/\/haberbesiktas.tr\/index.php?rest_route=%2Fwp%2Fv2%2Fmedia&parent=14611"}],"wp:term":[{"taxonomy":"category","embeddable":true,"href":"https:\/\/haberbesiktas.tr\/index.php?rest_route=%2Fwp%2Fv2%2Fcategories&post=14611"},{"taxonomy":"post_tag","embeddable":true,"href":"https:\/\/haberbesiktas.tr\/index.php?rest_route=%2Fwp%2Fv2%2Ftags&post=14611"}],"curies":[{"name":"wp","href":"https:\/\/api.w.org\/{rel}","templated":true}]}}