{"id":14624,"date":"2025-03-06T04:12:05","date_gmt":"2025-03-06T04:12:05","guid":{"rendered":"https:\/\/haberbesiktas.tr\/?p=14624"},"modified":"2025-03-06T04:12:05","modified_gmt":"2025-03-06T04:12:05","slug":"besiktas-ve-basaksehir-barasi-icin-karsi-karsiya","status":"publish","type":"post","link":"https:\/\/haberbesiktas.tr\/?p=14624","title":{"rendered":"Be\u015fikta\u015f ve Ba\u015fak\u015fehir Baras\u0131 i\u00e7in kar\u015f\u0131 kar\u015f\u0131ya"},"content":{"rendered":"<div>Ara transfer devrinin kapanmas\u0131na k\u0131sa bir m\u00fchlet kala S\u00fcper Lig kadrolar\u0131 \u00e7al\u0131\u015fmalar\u0131na s\u00fcrat verdi. <\/p>\n<p>Bu d\u00f6nem istedi\u011fi sonu\u00e7lar\u0131 alamayan Adana Demirspor&#8217;un \u00f6n plana \u00e7\u0131kan isimlerinden biri olan Yusuf Baras\u0131 i\u00e7in Be\u015fikta\u015f ve Ba\u015fak\u015fehir devrede.<\/p>\n<p> Mavi laciverrtli grupta bu d\u00f6nem 19 m\u00fcsabakaya \u00e7\u0131kan ve 5 de gol kaydeden gurbet\u00e7i futbolcu, 1 de asist yapt\u0131. Skor konusunda zorluk \u00e7eken Adana Demirspor&#8217;dan ayr\u0131lmak isteyen 21 ya\u015f\u0131ndaki golc\u00fc i\u00e7in Hollanda&#8217;dan da teklifler var.<\/p>\n<p> Yusuf Baras\u0131 i\u00e7in Adana Demirspor&#8217;a Go Ahead Eagles ve Twente&#8217;nin ilgi g\u00f6sterdi\u011fi lakin kurallarda anla\u015f\u0131lamad\u0131\u011f\u0131 \u00f6\u011frenildi. Ayr\u0131yeten Akdeniz temsilcisi, oyuncusunun \u00f6n\u00fcn\u00fc a\u00e7abilmek ismine tekliflerde kolayl\u0131k sa\u011flayacak.<\/p>\n<p> \u00a0<\/p>\n<\/div>\n","protected":false},"excerpt":{"rendered":"<p>Trendyol S\u00fcper Lig&#8217;de Adana Demirspor formas\u0131 terleten Yusuf Baras\u0131 i\u00e7in Be\u015fikta\u015f ve Ba\u015fak\u015fehir&#8217;in devrede oldu\u011fu \u00f6\u011frenildi.<\/p>\n","protected":false},"author":1,"featured_media":14625,"comment_status":"open","ping_status":"open","sticky":false,"template":"","format":"standard","meta":{"footnotes":""},"categories":[25],"tags":[],"class_list":["post-14624","post","type-post","status-publish","format-standard","has-post-thumbnail","hentry","category-futbol"],"_links":{"self":[{"href":"https:\/\/haberbesiktas.tr\/index.php?rest_route=\/wp\/v2\/posts\/14624","targetHints":{"allow":["GET"]}}],"collection":[{"href":"https:\/\/haberbesiktas.tr\/index.php?rest_route=\/wp\/v2\/posts"}],"about":[{"href":"https:\/\/haberbesiktas.tr\/index.php?rest_route=\/wp\/v2\/types\/post"}],"author":[{"embeddable":true,"href":"https:\/\/haberbesiktas.tr\/index.php?rest_route=\/wp\/v2\/users\/1"}],"replies":[{"embeddable":true,"href":"https:\/\/haberbesiktas.tr\/index.php?rest_route=%2Fwp%2Fv2%2Fcomments&post=14624"}],"version-history":[{"count":1,"href":"https:\/\/haberbesiktas.tr\/index.php?rest_route=\/wp\/v2\/posts\/14624\/revisions"}],"predecessor-version":[{"id":14626,"href":"https:\/\/haberbesiktas.tr\/index.php?rest_route=\/wp\/v2\/posts\/14624\/revisions\/14626"}],"wp:featuredmedia":[{"embeddable":true,"href":"https:\/\/haberbesiktas.tr\/index.php?rest_route=\/wp\/v2\/media\/14625"}],"wp:attachment":[{"href":"https:\/\/haberbesiktas.tr\/index.php?rest_route=%2Fwp%2Fv2%2Fmedia&parent=14624"}],"wp:term":[{"taxonomy":"category","embeddable":true,"href":"https:\/\/haberbesiktas.tr\/index.php?rest_route=%2Fwp%2Fv2%2Fcategories&post=14624"},{"taxonomy":"post_tag","embeddable":true,"href":"https:\/\/haberbesiktas.tr\/index.php?rest_route=%2Fwp%2Fv2%2Ftags&post=14624"}],"curies":[{"name":"wp","href":"https:\/\/api.w.org\/{rel}","templated":true}]}}