{"id":14627,"date":"2025-03-06T04:24:05","date_gmt":"2025-03-06T04:24:05","guid":{"rendered":"https:\/\/haberbesiktas.tr\/?p=14627"},"modified":"2025-03-06T04:24:05","modified_gmt":"2025-03-06T04:24:05","slug":"galatasarayda-analiz-ve-calisma-3-puani-getirdi","status":"publish","type":"post","link":"https:\/\/haberbesiktas.tr\/?p=14627","title":{"rendered":"Galatasaray&#8217;da analiz ve \u00e7al\u0131\u015fma 3 puan\u0131 getirdi!"},"content":{"rendered":"<div>Lider Galatasaray ligin 22. haftas\u0131nda Gaziantep FK&#8217;y\u0131 korner tertibi sonras\u0131nda buldu\u011fu golle devirdi.<\/p>\n<p><strong>ZAAF TESP\u0130T ED\u0130LD\u0130<\/strong><\/p>\n<p> \u0130\u00e7 alanda dokuz haftad\u0131r yenilmeyen Sel\u00e7uk \u0130nan&#8217;\u0131n grubunu s\u0131k\u0131 tahlil eden sar\u0131-k\u0131rm\u0131z\u0131l\u0131lar k\u00f6\u015fe vuru\u015flar\u0131nda zaaf tespit etti.<\/p>\n<p> Galatasaray&#8217;\u0131n tahlil grubu kornerlerde alan savunmas\u0131 yapan Gaziantep FK&#8217;n\u0131n k\u0131sa k\u00f6\u015fe vuru\u015flar\u0131 i\u00e7in markaja ceza yay\u0131 savunucusuyla gitti\u011fini tespit etti.<\/p>\n<p> Ma\u00e7\u0131n \u015fimdi ba\u015f\u0131nda kazan\u0131lan k\u00f6\u015fe vuru\u015fu i\u00e7in topun ba\u015f\u0131na Dries Mertens ge\u00e7erken Gabriel Sara da yak\u0131n\u0131na geldi.<\/p>\n<p> Gaziantep FK&#8217;da ceza yay\u0131na konumlanmas\u0131 gereken Maxim de b\u00f6ylelikle Sara opsiyonunu engellemek i\u00e7in Brezilyal\u0131 futbolcuya markaja \u00e7\u0131kt\u0131.<\/p>\n<p><strong>MA\u00c7I KAZANDIRAN GOL<\/strong><\/p>\n<p> Ceza yay\u0131na konumlanan Ahmed Kutucu b\u00f6ylelikle demarke durumda kald\u0131.<\/p>\n<p> Dries Mertens k\u00f6\u015fe vuru\u015funu ceza alan\u0131 i\u00e7ine de\u011fil de 24 ya\u015f\u0131ndaki oyuncuya ger\u00e7ek kulland\u0131.<\/p>\n<p> Ahmed Kutucu da tek vuru\u015fla gol perdesini a\u00e7t\u0131; bu gol birebir vakitte ma\u00e7\u0131 kazand\u0131ran da gol oldu.<\/p>\n<p> Galatasaray emsal tertipten ge\u00e7en yaz da bir gol bulmu\u015ftu.<\/p>\n<p> A\u011fustos 2023&#8217;te Zalgiris&#8217;i konuk eden Cimbom, Kerem Akt\u00fcrko\u011flu&#8217;nun yan\u0131na Sergio Oliveira&#8217;y\u0131 g\u00f6ndermi\u015f ve Dries Mertens&#8217;i demarke b\u0131rakm\u0131\u015ft\u0131.<\/p>\n<p> Bel\u00e7ikal\u0131 futbolcu uzak aradan yapt\u0131\u011f\u0131 tek vuru\u015fla Galatasaray&#8217;\u0131 bir \u00fcst \u00e7e\u015fide ta\u015f\u0131m\u0131\u015ft\u0131.<\/p>\n<p><strong>EKSTRA \u00c7ALI\u015eMA<\/strong><\/p>\n<p> Ma\u00e7lardan bir g\u00fcn evvel duran top \u00e7al\u0131\u015fmas\u0131n\u0131 rutin olarak ger\u00e7ekle\u015ftiren Galatasaray&#8217;da Ahmed Kutucu&#8217;nun da Osimhen ve Mertens&#8217;le birlikte ekstra \u00e7al\u0131\u015fmalar yapt\u0131\u011f\u0131 \u00f6\u011frenildi.<\/p>\n<\/div>\n","protected":false},"excerpt":{"rendered":"<p>\u00dcst\u00fcn Lig&#8217;in 22. haftas\u0131nda Gaziantep FK mahzurunu de a\u015fan Galatasaray 3 puana ba\u015far\u0131l\u0131 tahlilinin akabinde yap\u0131lan s\u0131k\u0131 \u00e7al\u0131\u015fmay\u0131 uygulamakla uzand\u0131.<\/p>\n","protected":false},"author":1,"featured_media":14628,"comment_status":"open","ping_status":"open","sticky":false,"template":"","format":"standard","meta":{"footnotes":""},"categories":[25],"tags":[129,77],"class_list":["post-14627","post","type-post","status-publish","format-standard","has-post-thumbnail","hentry","category-futbol","tag-galatasaray","tag-gol"],"_links":{"self":[{"href":"https:\/\/haberbesiktas.tr\/index.php?rest_route=\/wp\/v2\/posts\/14627","targetHints":{"allow":["GET"]}}],"collection":[{"href":"https:\/\/haberbesiktas.tr\/index.php?rest_route=\/wp\/v2\/posts"}],"about":[{"href":"https:\/\/haberbesiktas.tr\/index.php?rest_route=\/wp\/v2\/types\/post"}],"author":[{"embeddable":true,"href":"https:\/\/haberbesiktas.tr\/index.php?rest_route=\/wp\/v2\/users\/1"}],"replies":[{"embeddable":true,"href":"https:\/\/haberbesiktas.tr\/index.php?rest_route=%2Fwp%2Fv2%2Fcomments&post=14627"}],"version-history":[{"count":1,"href":"https:\/\/haberbesiktas.tr\/index.php?rest_route=\/wp\/v2\/posts\/14627\/revisions"}],"predecessor-version":[{"id":14629,"href":"https:\/\/haberbesiktas.tr\/index.php?rest_route=\/wp\/v2\/posts\/14627\/revisions\/14629"}],"wp:featuredmedia":[{"embeddable":true,"href":"https:\/\/haberbesiktas.tr\/index.php?rest_route=\/wp\/v2\/media\/14628"}],"wp:attachment":[{"href":"https:\/\/haberbesiktas.tr\/index.php?rest_route=%2Fwp%2Fv2%2Fmedia&parent=14627"}],"wp:term":[{"taxonomy":"category","embeddable":true,"href":"https:\/\/haberbesiktas.tr\/index.php?rest_route=%2Fwp%2Fv2%2Fcategories&post=14627"},{"taxonomy":"post_tag","embeddable":true,"href":"https:\/\/haberbesiktas.tr\/index.php?rest_route=%2Fwp%2Fv2%2Ftags&post=14627"}],"curies":[{"name":"wp","href":"https:\/\/api.w.org\/{rel}","templated":true}]}}