{"id":14633,"date":"2025-03-06T04:48:08","date_gmt":"2025-03-06T04:48:08","guid":{"rendered":"https:\/\/haberbesiktas.tr\/?p=14633"},"modified":"2025-03-06T04:48:08","modified_gmt":"2025-03-06T04:48:08","slug":"iskenderunspor-trabzonspor-11ler","status":"publish","type":"post","link":"https:\/\/haberbesiktas.tr\/?p=14633","title":{"rendered":"\u0130skenderunspor &#8211; Trabzonspor: 11&#8217;ler"},"content":{"rendered":"<div>Trabzonspor, Ziraat T\u00fcrkiye Kupas\u0131 A K\u00fcmesi ikinci ma\u00e7\u0131nda deplasmanda 2. Lig tak\u0131mlar\u0131ndan \u0130skenderunspor ile kar\u015f\u0131la\u015facak.<\/p>\n<p> \u0130skenderun Fuat Tosyal\u0131 Stad\u0131&#8217;ndaki m\u00fcsabaka, saat 13.00&#8217;te ba\u015flayacak. M\u00fcsabakada hakem Ali Y\u0131lmaz vazife alacak. Y\u0131lmaz&#8217;\u0131n yard\u0131mc\u0131l\u0131klar\u0131n\u0131 Volkan Narin\u00e7 ve Serdar Soydan yapacak. \u0130skenderunspor ile Trabzonspor ortas\u0131ndaki m\u00fcsabaka A Spor&#8217;dan canl\u0131 yay\u0131nlanacak.<\/p>\n<p> K\u00fcmede birinci ma\u00e7\u0131nda alan\u0131nda Corendon Alanyaspor&#8217;u 3-0 yenerek birinci s\u0131raya yerle\u015fen bordo-mavililer, \u0130skenderunspor m\u00fcsabakas\u0131n\u0131 da kazanarak liderli\u011fini s\u00fcrd\u00fcrmeyi hedefliyor.<\/p>\n<p> Mesken sahibi \u0130skenderunspor ise k\u00fcmedeki birinci ma\u00e7\u0131nda MKE Ankarag\u00fcc\u00fc ile deplasmanda 1-1 berabere kald\u0131.<\/p>\n<p> <strong>11&#8217;LER<\/strong><\/p>\n<p> <strong>\u0130skenderunspor (Muhtemel):<\/strong>\u00a0Onur Can \u00d6zdemir, Erbay Eker, Kadir Turhan, Ula\u015f Varl\u0131kl\u0131, Yusuf Acer, Turan Tuzlac\u0131k, Kerem Kur\u015fun, Mehmet Man\u0131\u015f, Serdarcan Eralp, Muhammed Khalil, Muhammet Be\u015fir.<\/p>\n<p> <strong>Trabzonspor:\u00a0<\/strong>Muhammet Taha Zirve, Malheiro, Lundstram, Batagov, Eren Elmal\u0131, Mendy, Ozan Tufan, Cihan, Cham, Danylo Sikan, Enis Destan<\/p>\n<p><img decoding=\"async\" src=\"https:\/\/haberbesiktas.tr\/wp-content\/uploads\/2025\/03\/iskenderunspor-trabzonspor-11ler-0-m7AKWkJs.jpg\"\/><\/p>\n<p> <strong>TRABZONSPOR&#8217;UN KADROSU<\/strong><\/p>\n<p> Trabzonspor&#8217;un tak\u0131m\u0131nda Ukraynal\u0131 yeni transferler Oleksandr Zubkov ve Danylo Sikan da yer ald\u0131.<\/p>\n<p> Karadeniz grubunun 19 futbolcudan olu\u015fan tak\u0131m\u0131nda \u015fu isimler yer al\u0131yor:<\/p>\n<p> Muhammet Taha Zirve, Ahmet Do\u011fan Y\u0131ld\u0131r\u0131m, Pedro Malheiro, Serkan Asan, Ali \u015eahin Y\u0131lmaz, Arseniy Batagov, H\u00fcseyin T\u00fcrkmen, Eren Elmal\u0131, Salih Malko\u00e7o\u011flu, John Lundstram, Batista Mendy, Ozan Tufan, Umut G\u00fcne\u015f, Cihan \u00c7anak, Muhammed Cham, Enis Destan, Simon Banza, Oleksandr Zubkov, Danylo Sikan.<\/p>\n<p> \u00a0<\/p>\n<p> \u00a0<\/p>\n<\/div>\n","protected":false},"excerpt":{"rendered":"<p>Ziraat T\u00fcrkiye Kupas\u0131&#8217;nda Trabzonspor, 2. Lig tak\u0131mlar\u0131ndan \u0130skenderunspor ile deplasmanda kar\u015f\u0131 kar\u015f\u0131ya gelecek.<\/p>\n","protected":false},"author":1,"featured_media":14634,"comment_status":"open","ping_status":"open","sticky":false,"template":"","format":"standard","meta":{"footnotes":""},"categories":[25],"tags":[1578,98],"class_list":["post-14633","post","type-post","status-publish","format-standard","has-post-thumbnail","hentry","category-futbol","tag-iskenderunspor","tag-trabzonspor"],"_links":{"self":[{"href":"https:\/\/haberbesiktas.tr\/index.php?rest_route=\/wp\/v2\/posts\/14633","targetHints":{"allow":["GET"]}}],"collection":[{"href":"https:\/\/haberbesiktas.tr\/index.php?rest_route=\/wp\/v2\/posts"}],"about":[{"href":"https:\/\/haberbesiktas.tr\/index.php?rest_route=\/wp\/v2\/types\/post"}],"author":[{"embeddable":true,"href":"https:\/\/haberbesiktas.tr\/index.php?rest_route=\/wp\/v2\/users\/1"}],"replies":[{"embeddable":true,"href":"https:\/\/haberbesiktas.tr\/index.php?rest_route=%2Fwp%2Fv2%2Fcomments&post=14633"}],"version-history":[{"count":1,"href":"https:\/\/haberbesiktas.tr\/index.php?rest_route=\/wp\/v2\/posts\/14633\/revisions"}],"predecessor-version":[{"id":14636,"href":"https:\/\/haberbesiktas.tr\/index.php?rest_route=\/wp\/v2\/posts\/14633\/revisions\/14636"}],"wp:featuredmedia":[{"embeddable":true,"href":"https:\/\/haberbesiktas.tr\/index.php?rest_route=\/wp\/v2\/media\/14634"}],"wp:attachment":[{"href":"https:\/\/haberbesiktas.tr\/index.php?rest_route=%2Fwp%2Fv2%2Fmedia&parent=14633"}],"wp:term":[{"taxonomy":"category","embeddable":true,"href":"https:\/\/haberbesiktas.tr\/index.php?rest_route=%2Fwp%2Fv2%2Fcategories&post=14633"},{"taxonomy":"post_tag","embeddable":true,"href":"https:\/\/haberbesiktas.tr\/index.php?rest_route=%2Fwp%2Fv2%2Ftags&post=14633"}],"curies":[{"name":"wp","href":"https:\/\/api.w.org\/{rel}","templated":true}]}}