{"id":14637,"date":"2025-03-06T05:00:07","date_gmt":"2025-03-06T05:00:07","guid":{"rendered":"https:\/\/haberbesiktas.tr\/?p=14637"},"modified":"2025-03-06T05:00:07","modified_gmt":"2025-03-06T05:00:07","slug":"yasar-kemal-ugurlu-hakemlige-veda-etti","status":"publish","type":"post","link":"https:\/\/haberbesiktas.tr\/?p=14637","title":{"rendered":"Ya\u015far Kemal U\u011furlu, hakemli\u011fe veda etti!"},"content":{"rendered":"<div>Merkez Hakem Kurulu, Ya\u015far Kemal U\u011furlu&#8217;nun hakemli\u011fe veda etti\u011fini a\u00e7\u0131klad\u0131.<\/p>\n<p> <strong>MHK&#8217;nin a\u00e7\u0131klamas\u0131 \u015fu formda:<\/strong><\/p>\n<p> &#8220;Kariyerine 2002 y\u0131l\u0131nda ba\u015flayan ve 2025 y\u0131l\u0131na kadar T\u00fcrkiye&#8217;de profesyonel liglerde toplam 576 ma\u00e7ta misyon alan Ya\u015far Kemal U\u011furlu hakemli\u011fe veda etmi\u015ftir.<\/p>\n<p> 2021-2023 y\u0131llar\u0131 ortas\u0131nda FIFA kokartl\u0131 hakem olarak \u00fclkemizi yurt d\u0131\u015f\u0131nda muvaffakiyetle temsil eden U\u011furlu, 2012 y\u0131l\u0131ndan itibaren \u00fcst klasman hakemi olarak da S\u00fcper Ligde 230 m\u00fcsabakada misyon yapt\u0131.<\/p>\n<p> Ya\u015far Kemal U\u011furlu&#8217;ya, T\u00fcrk futboluna verdi\u011fi hizmetler i\u00e7in te\u015fekk\u00fcr eder, bundan sonraki mesle\u011finde muvaffakiyetler dileriz.&#8221;<\/p>\n<\/div>\n","protected":false},"excerpt":{"rendered":"<p>MHK, Ya\u015far Kemal U\u011furlu&#8217;nun hakemli\u011fe veda etti\u011fini a\u00e7\u0131klad\u0131.<\/p>\n","protected":false},"author":1,"featured_media":14638,"comment_status":"open","ping_status":"open","sticky":false,"template":"","format":"standard","meta":{"footnotes":""},"categories":[25],"tags":[62],"class_list":["post-14637","post","type-post","status-publish","format-standard","has-post-thumbnail","hentry","category-futbol","tag-hakem"],"_links":{"self":[{"href":"https:\/\/haberbesiktas.tr\/index.php?rest_route=\/wp\/v2\/posts\/14637","targetHints":{"allow":["GET"]}}],"collection":[{"href":"https:\/\/haberbesiktas.tr\/index.php?rest_route=\/wp\/v2\/posts"}],"about":[{"href":"https:\/\/haberbesiktas.tr\/index.php?rest_route=\/wp\/v2\/types\/post"}],"author":[{"embeddable":true,"href":"https:\/\/haberbesiktas.tr\/index.php?rest_route=\/wp\/v2\/users\/1"}],"replies":[{"embeddable":true,"href":"https:\/\/haberbesiktas.tr\/index.php?rest_route=%2Fwp%2Fv2%2Fcomments&post=14637"}],"version-history":[{"count":1,"href":"https:\/\/haberbesiktas.tr\/index.php?rest_route=\/wp\/v2\/posts\/14637\/revisions"}],"predecessor-version":[{"id":14639,"href":"https:\/\/haberbesiktas.tr\/index.php?rest_route=\/wp\/v2\/posts\/14637\/revisions\/14639"}],"wp:featuredmedia":[{"embeddable":true,"href":"https:\/\/haberbesiktas.tr\/index.php?rest_route=\/wp\/v2\/media\/14638"}],"wp:attachment":[{"href":"https:\/\/haberbesiktas.tr\/index.php?rest_route=%2Fwp%2Fv2%2Fmedia&parent=14637"}],"wp:term":[{"taxonomy":"category","embeddable":true,"href":"https:\/\/haberbesiktas.tr\/index.php?rest_route=%2Fwp%2Fv2%2Fcategories&post=14637"},{"taxonomy":"post_tag","embeddable":true,"href":"https:\/\/haberbesiktas.tr\/index.php?rest_route=%2Fwp%2Fv2%2Ftags&post=14637"}],"curies":[{"name":"wp","href":"https:\/\/api.w.org\/{rel}","templated":true}]}}