{"id":14701,"date":"2025-03-06T09:12:11","date_gmt":"2025-03-06T09:12:11","guid":{"rendered":"https:\/\/haberbesiktas.tr\/?p=14701"},"modified":"2025-03-06T09:12:11","modified_gmt":"2025-03-06T09:12:11","slug":"ali-koc-derbiyle-ilgili-ifade-verdi","status":"publish","type":"post","link":"https:\/\/haberbesiktas.tr\/?p=14701","title":{"rendered":"Ali Ko\u00e7, derbiyle ilgili ifade verdi!"},"content":{"rendered":"<div>Trendyol Muhte\u015fem Lig&#8217;in 37. haftas\u0131ndaki Galatasaray-Fenerbah\u00e7e derbisinin akabinde, o d\u00f6nem Fenerbah\u00e7e Y\u00f6netim Kurulu \u00dcyesi olan Selahattin Baki&#8217;nin, Galatasaray Spor Kul\u00fcb\u00fc \u0130dare Konseyi \u00dcyesi Eray Yazgan&#8217;a k\u00fcf\u00fcr etti\u011fi teziyle yarg\u0131land\u0131\u011f\u0131 davada, Fenerbah\u00e7e Kul\u00fcb\u00fc Ba\u015fkan\u0131<strong> Ali Ko\u00e7<\/strong> <strong>&#8220;tan\u0131k&#8221;<\/strong> s\u0131fat\u0131yla tabir verdi.<\/p>\n<p> \u0130stanbul 3. Asliye Ceza Mahkemesi&#8217;ndeki birinci duru\u015fmaya san\u0131k <strong>Selahattin Baki<\/strong> ile taraflar\u0131n avukatlar\u0131 kat\u0131ld\u0131.<\/p>\n<p> Savunmas\u0131 al\u0131nan san\u0131k Selahattin Baki, olay tarihinde Fenerbah\u00e7e Spor Kul\u00fcb\u00fc&#8217;n\u00fcn futbol \u015fube sorumlusu ve bas\u0131n s\u00f6zc\u00fcs\u00fc olarak misyon yapt\u0131\u011f\u0131n\u0131, akreditasyon kart\u0131 oldu\u011fu i\u00e7in sahan\u0131n her yerine girip \u00e7\u0131kma hakk\u0131 bulundu\u011funu s\u00f6yledi.<\/p>\n<p> Oynanan kar\u015f\u0131la\u015fmay\u0131 Fenerbah\u00e7e&#8217;nin kazand\u0131\u011f\u0131n\u0131, Galatasaray ekibinin seyircisi stattan ayr\u0131ld\u0131ktan sonra futbolcularla grup olarak kutlama yapmak i\u00e7in alana \u00e7\u0131kt\u0131\u011f\u0131n\u0131 anlatan Baki, bu s\u0131rada kul\u00fcp ba\u015fkan\u0131 Ali Ko\u00e7&#8217;un da alana geldi\u011fini aktard\u0131.<\/p>\n<p> Baki, Galatasaray \u00e7al\u0131\u015fanlar\u0131n\u0131n kutlamaya mahzur olmaya \u00e7al\u0131\u015ft\u0131\u011f\u0131n\u0131 belirterek, &#8220;<strong>Sonras\u0131nda biz stattan ayr\u0131lmak i\u00e7in soyunma odalar\u0131n\u0131n oldu\u011fu t\u00fcnele giderken ben liderin elinde kan g\u00f6rd\u00fcm. San\u0131r\u0131m ya\u015fanan arbedede meydana geldi. Bu s\u0131rada bir adedinin m\u00fc\u015fteki Eray Yazgan oldu\u011fu, ba\u015fkalar\u0131n\u0131n kimler oldu\u011funu bilmedi\u011fim 4 Galatasarayl\u0131n\u0131n lidere parmak sallayarak k\u00fcf\u00fcr etti\u011fini g\u00f6rd\u00fcm ve duydum. Bunun \u00fczerine lidere el kol hareketi yapmay\u0131n, diye sinkafl\u0131 kelamlar s\u00f6yledim.<\/strong>&#8221; beyan\u0131nda bulundu.<\/p>\n<p> Kelam konusu c\u00fcmleleri m\u00fc\u015fteki Yazgan&#8217;a y\u00f6nelik s\u00f6ylemedi\u011fini tez eden Baki, olay\u0131n ard\u0131ndan Ali Ko\u00e7&#8217;un da kendisine k\u0131zd\u0131\u011f\u0131n\u0131 belirtti.<\/p>\n<p> <strong>Ali Ko\u00e7&#8217;un beyan\u0131<\/strong><\/p>\n<p> Fenerbah\u00e7e Spor Kul\u00fcb\u00fc Lideri Ali Ko\u00e7 da duru\u015fmada<strong> &#8220;tan\u0131k&#8221;<\/strong> olarak dinlenildi.<\/p>\n<p> Ma\u00e7 g\u00fcn\u00fc galibiyet kutlamas\u0131 i\u00e7in stada gittiklerini anlatan Ko\u00e7, <strong>&#8220;Her kazanan ekip \u00fczere foto\u011fraf \u00e7ekilip kutlama yapmak istedik lakin kar\u015f\u0131 taraf\u0131n engellemeleri nedeniyle arbedeler ya\u015fand\u0131. Su\u00e7a bahis olay da alandan ayr\u0131ld\u0131\u011f\u0131m\u0131z s\u0131rada olmu\u015f. Ben herkesi sakin olmas\u0131 i\u00e7in uyar\u0131yordum. Ba\u011fr\u0131\u015fmalar gerginlikler vard\u0131. Fakat ben ne kar\u015f\u0131 taraftan bize y\u00f6nelik ne de san\u0131\u011f\u0131n kar\u015f\u0131 tarafa y\u00f6nelik rastgele bir hakaret i\u00e7erikli telaffuzunu duymad\u0131m. Ba\u011fr\u0131\u015f \u00e7a\u011fr\u0131\u015flar art\u0131nca arkada\u015flar\u0131 uyarm\u0131\u015ft\u0131m. Devam edince birinci d\u00f6nd\u00fc\u011f\u00fcmde ard\u0131mdaki ki\u015fi san\u0131kt\u0131, o y\u00fczden onu uyard\u0131m.&#8221;<\/strong> tabirini kulland\u0131.<\/p>\n<p> Orta karar\u0131n\u0131 a\u00e7\u0131klayan mahkeme, \u015fahit olarak \u00e7a\u011fr\u0131lan Mesut Erbil ve Filiz Umur&#8217;un duru\u015fmaya gelmedi\u011fi gerek\u00e7esiyle haklar\u0131nda zorla getirme karar\u0131 \u00e7\u0131kar\u0131lmas\u0131na karar verdi.<\/p>\n<p> Duru\u015fma eksik konular\u0131n giderilmesi i\u00e7in ertelendi.<\/p>\n<p><img decoding=\"async\" src=\"https:\/\/haberbesiktas.tr\/wp-content\/uploads\/2025\/03\/ali-koc-derbiyle-ilgili-ifade-verdi-0-4uyrFy4d.jpg\"\/><\/p>\n<p> <strong>\u0130ddianameden<\/strong><\/p>\n<p> \u0130stanbul Cumhuriyet Ba\u015fsavc\u0131l\u0131\u011f\u0131 Uzla\u015ft\u0131rma Ofisince haz\u0131rlanan iddianamede, 19 May\u0131s 2024&#8217;te oynanan Trendyol \u00dcst\u00fcn Lig&#8217;in 37. haftas\u0131ndaki Galatasaray-Fenerbah\u00e7e derbisinin akabinde Fenerbah\u00e7e Spor Kul\u00fcb\u00fc teknik heyeti, y\u00f6neticileri ve futbolcular\u0131n\u0131n galibiyet sevincini ya\u015famak \u00fczere alana girmeleri sonras\u0131nda taraftarlar ortas\u0131nda arbede ya\u015fand\u0131\u011f\u0131 belirtiliyor.<\/p>\n<p> Galatasaray Spor Kul\u00fcb\u00fc \u0130dare Heyeti \u00dcyesi Eray Yazgan&#8217;\u0131n avukat\u0131n\u0131n \u015fikayeti \u00fczerine soru\u015fturma a\u00e7\u0131ld\u0131\u011f\u0131 aktar\u0131lan iddianamede, evraka sunulan g\u00f6r\u00fcnt\u00fc kayd\u0131ndan Baki&#8217;nin Yazgan&#8217;a k\u00fcf\u00fcr etti\u011finin tespit edildi\u011fi kaydediliyor.<\/p>\n<p> \u0130ddianamede, san\u0131k Selahattin Baki&#8217;nin &#8220;hakaret&#8221; hatas\u0131ndan 3 ay 15 g\u00fcnden 2 y\u0131l 4 aya kadar mahpusla cezaland\u0131r\u0131lmas\u0131 talep ediliyor.<\/p>\n<p> &#8220;Hakaret&#8221; hatas\u0131n\u0131n uzla\u015fmaya do\u011fal oldu\u011fu lakin taraflar ortas\u0131ndaki m\u00fczakereler sonucunda san\u0131k ile m\u00fc\u015fteki ortas\u0131nda uzla\u015fma sa\u011flanamad\u0131\u011f\u0131 da iddianamede yer al\u0131yor.<\/p>\n<\/div>\n","protected":false},"excerpt":{"rendered":"<p>Fenerbah\u00e7e Ba\u015fkan\u0131 Ali Ko\u00e7, ge\u00e7en d\u00f6nem oynanan Galatasaray &#8211; Fenerbah\u00e7e derbisinin akabinde ya\u015fanan olaylarla ilgili s\u00f6z verdi.<\/p>\n","protected":false},"author":1,"featured_media":14702,"comment_status":"open","ping_status":"open","sticky":false,"template":"","format":"standard","meta":{"footnotes":""},"categories":[25],"tags":[1593,115,129,565,266],"class_list":["post-14701","post","type-post","status-publish","format-standard","has-post-thumbnail","hentry","category-futbol","tag-baki","tag-fenerbahce","tag-galatasaray","tag-iddia","tag-koc"],"_links":{"self":[{"href":"https:\/\/haberbesiktas.tr\/index.php?rest_route=\/wp\/v2\/posts\/14701","targetHints":{"allow":["GET"]}}],"collection":[{"href":"https:\/\/haberbesiktas.tr\/index.php?rest_route=\/wp\/v2\/posts"}],"about":[{"href":"https:\/\/haberbesiktas.tr\/index.php?rest_route=\/wp\/v2\/types\/post"}],"author":[{"embeddable":true,"href":"https:\/\/haberbesiktas.tr\/index.php?rest_route=\/wp\/v2\/users\/1"}],"replies":[{"embeddable":true,"href":"https:\/\/haberbesiktas.tr\/index.php?rest_route=%2Fwp%2Fv2%2Fcomments&post=14701"}],"version-history":[{"count":1,"href":"https:\/\/haberbesiktas.tr\/index.php?rest_route=\/wp\/v2\/posts\/14701\/revisions"}],"predecessor-version":[{"id":14704,"href":"https:\/\/haberbesiktas.tr\/index.php?rest_route=\/wp\/v2\/posts\/14701\/revisions\/14704"}],"wp:featuredmedia":[{"embeddable":true,"href":"https:\/\/haberbesiktas.tr\/index.php?rest_route=\/wp\/v2\/media\/14702"}],"wp:attachment":[{"href":"https:\/\/haberbesiktas.tr\/index.php?rest_route=%2Fwp%2Fv2%2Fmedia&parent=14701"}],"wp:term":[{"taxonomy":"category","embeddable":true,"href":"https:\/\/haberbesiktas.tr\/index.php?rest_route=%2Fwp%2Fv2%2Fcategories&post=14701"},{"taxonomy":"post_tag","embeddable":true,"href":"https:\/\/haberbesiktas.tr\/index.php?rest_route=%2Fwp%2Fv2%2Ftags&post=14701"}],"curies":[{"name":"wp","href":"https:\/\/api.w.org\/{rel}","templated":true}]}}