{"id":14705,"date":"2025-03-06T09:24:06","date_gmt":"2025-03-06T09:24:06","guid":{"rendered":"https:\/\/haberbesiktas.tr\/?p=14705"},"modified":"2025-03-06T09:24:06","modified_gmt":"2025-03-06T09:24:06","slug":"goztepe-kupada-moral-ariyor","status":"publish","type":"post","link":"https:\/\/haberbesiktas.tr\/?p=14705","title":{"rendered":"G\u00f6ztepe, kupada moral ar\u0131yor!"},"content":{"rendered":"<div>S\u00fcper Lig&#8217;de \u00fcst \u00fcste Fenerbah\u00e7e ve Alanyaspor&#8217;a yenilip d\u00fc\u015f\u00fc\u015fe ge\u00e7en G\u00f6ztepe, Ziraat T\u00fcrkiye Kupas\u0131 B K\u00fcmesi&#8217;nde per\u015fembe g\u00fcn\u00fc ikinci ma\u00e7\u0131nda Gaziantep FK ile meskeninde kar\u015f\u0131 kar\u015f\u0131ya gelecek.<\/p>\n<p> G\u00fcrsel Aksel Stad\u0131&#8217;nda saat 20.45&#8217;te ba\u015flayacak kar\u015f\u0131la\u015fmada Batuhan Kolak d\u00fcd\u00fck \u00e7alacak. Konut sahibi G\u00f6ztepe&#8217;de sakatl\u0131klar\u0131 bulunan golc\u00fcler Romulo ve Juan&#8217;\u0131n yan\u0131 s\u0131ra, orta saha oyuncular\u0131 Solet ile Do\u011fan ve stoper Koray ma\u00e7ta forma giyemeyecek.<\/p>\n<p> M\u00fcsabakan\u0131n bilet fiyatlar\u0131 1&#8217;inci kategori 2 bin 500, 2&#8217;nci kategori 2 bin, 3&#8217;\u00fcnc\u00fc kategori bin, 4&#8217;\u00fcnc\u00fc kategori 700, 5&#8217;inci ve 6&#8217;nc\u0131 kategoni 300, konuk trib\u00fcn\u00fc ise 450 TL olarak belirlendi. Avrupa kupalar\u0131na kat\u0131lma yolunda T\u00fcrkiye Kupas\u0131&#8217;nda \u015fampiyonlu\u011fu hedefleyen sar\u0131-k\u0131rm\u0131z\u0131l\u0131lar k\u00fcmedeki birinci m\u00fcsabakas\u0131nda deplasmanda Erzurumspor&#8217;u 1-0 yenmi\u015fti.<\/p>\n<p>Teknik y\u00f6netici Stanimir Stoilov de\u011ferli eksiklere kar\u015f\u0131n 3 puan\u0131 alacaklar\u0131na inand\u0131\u011f\u0131n\u0131 kaydetti.<\/p>\n<\/div>\n","protected":false},"excerpt":{"rendered":"<p>S\u00fcper Lig&#8217;de son iki ma\u00e7\u0131n\u0131 kaybeden G\u00f6ztepe, kupada Gaziantep FK ile kar\u015f\u0131la\u015facak.<\/p>\n","protected":false},"author":1,"featured_media":14706,"comment_status":"open","ping_status":"open","sticky":false,"template":"","format":"standard","meta":{"footnotes":""},"categories":[25],"tags":[],"class_list":["post-14705","post","type-post","status-publish","format-standard","has-post-thumbnail","hentry","category-futbol"],"_links":{"self":[{"href":"https:\/\/haberbesiktas.tr\/index.php?rest_route=\/wp\/v2\/posts\/14705","targetHints":{"allow":["GET"]}}],"collection":[{"href":"https:\/\/haberbesiktas.tr\/index.php?rest_route=\/wp\/v2\/posts"}],"about":[{"href":"https:\/\/haberbesiktas.tr\/index.php?rest_route=\/wp\/v2\/types\/post"}],"author":[{"embeddable":true,"href":"https:\/\/haberbesiktas.tr\/index.php?rest_route=\/wp\/v2\/users\/1"}],"replies":[{"embeddable":true,"href":"https:\/\/haberbesiktas.tr\/index.php?rest_route=%2Fwp%2Fv2%2Fcomments&post=14705"}],"version-history":[{"count":1,"href":"https:\/\/haberbesiktas.tr\/index.php?rest_route=\/wp\/v2\/posts\/14705\/revisions"}],"predecessor-version":[{"id":14707,"href":"https:\/\/haberbesiktas.tr\/index.php?rest_route=\/wp\/v2\/posts\/14705\/revisions\/14707"}],"wp:featuredmedia":[{"embeddable":true,"href":"https:\/\/haberbesiktas.tr\/index.php?rest_route=\/wp\/v2\/media\/14706"}],"wp:attachment":[{"href":"https:\/\/haberbesiktas.tr\/index.php?rest_route=%2Fwp%2Fv2%2Fmedia&parent=14705"}],"wp:term":[{"taxonomy":"category","embeddable":true,"href":"https:\/\/haberbesiktas.tr\/index.php?rest_route=%2Fwp%2Fv2%2Fcategories&post=14705"},{"taxonomy":"post_tag","embeddable":true,"href":"https:\/\/haberbesiktas.tr\/index.php?rest_route=%2Fwp%2Fv2%2Ftags&post=14705"}],"curies":[{"name":"wp","href":"https:\/\/api.w.org\/{rel}","templated":true}]}}