{"id":14708,"date":"2025-03-06T09:36:07","date_gmt":"2025-03-06T09:36:07","guid":{"rendered":"https:\/\/haberbesiktas.tr\/?p=14708"},"modified":"2025-03-06T09:36:07","modified_gmt":"2025-03-06T09:36:07","slug":"arda-turandan-trabzonspor-maci-mesaji","status":"publish","type":"post","link":"https:\/\/haberbesiktas.tr\/?p=14708","title":{"rendered":"Arda Turan&#8217;dan Trabzonspor ma\u00e7\u0131 mesaj\u0131"},"content":{"rendered":"<div>Ey\u00fcpspor Teknik Y\u00f6neticisi Arda Turan, kul\u00fcb\u00fcn toplumsal medya hesab\u0131ndan bir a\u00e7\u0131klamada bulundu.<\/p>\n<p> Turan, kupadaki Konyaspor hezimetini k\u0131ymetlendirdi ve ligdeki Trabzonspor ma\u00e7\u0131yla ilgili bildiri verdi.<\/p>\n<p> <strong>Arda Turan&#8217;\u0131n a\u00e7\u0131klamas\u0131 \u015fu formda:<\/strong><\/p>\n<p> &#8220;Ma\u00e7\u0131n hakemlerini, Konyaspor seyircisini, Recep Hoca&#8217;y\u0131 ve Konyaspor kadrosunu tebrik ediyorum. \u00c2l\u00e2 \u00e7aba ettiler. Bir ekip sizi yenmi\u015fse kesinlikle sizden daha yeterli \u015feyler yapm\u0131\u015ft\u0131r. Galibiyetlerine h\u00fcrmet duyuyor ve tebrik ediyoruz.<\/p>\n<p> Birinci yar\u0131 istedi\u011fimiz tahlilleri \u00fcretemedik. Temas konusunda zay\u0131ft\u0131k. Statik pas ve statik oyunlarla biraz kendi i\u015fimizi zorla\u015ft\u0131rd\u0131k. Son saniyelerde bir gol yiyip birinci yar\u0131ya geride girmek can\u0131m\u0131z\u0131 s\u0131kt\u0131. \u0130kinci yar\u0131 ba\u015f\u0131nda da ta\u00e7tan yedi\u011fimiz kolay bir golle 2-0 geriye d\u00fc\u015ft\u00fck. Daha sonra harika bir oyun oynad\u0131k. Hayal etti\u011fimiz \u00fcretkenlikte bir oyundu. Topa istedi\u011fimiz \u00fczere taraf verdik, istedi\u011fimiz \u00fc\u00e7genleri kurduk. Taraf ve ritim de\u011fi\u015ftirip bloklar ortas\u0131nda topla bulu\u015ftuk. Ma\u00e7\u0131 kazanabilecek kadar duruma girdik ancak futbol bazen de bu t\u00fcrl\u00fc.<\/p>\n<p> Biz do\u011frular\u0131 yapmaya devam edece\u011fiz. Bizim i\u00e7in dersler \u00e7\u0131karaca\u011f\u0131m\u0131z bir ma\u00e7 oldu. Anlar\u0131 yanl\u0131\u015fs\u0131z oynamak ve temasa haz\u0131r olmak bir ekip i\u00e7in \u00e7ok k\u0131ymetli. Bunlar futbolun temeli. Temeldeki \u015feyler eksik kal\u0131nca takti\u011finizi uygulamakta bazen zorlan\u0131yorsunuz. <br \/>Bizim i\u00e7in sevindirici taraflardan bir tanesi, Stepanenko birinci sefer oynad\u0131. Umut oyuna girdi. Bir gol h\u00fck\u00fcmdar\u0131 ortam\u0131za kat\u0131ld\u0131. Onlar\u0131 alanda g\u00f6rmek beni \u00e7ok memnun etti. Yal\u00e7\u0131n birinci kere birinci 11&#8217;de oynad\u0131. Onlara iyi olsun diyorum. Bizim i\u00e7in \u00e7ok k\u0131ymetliler. Bizi bir \u00fcst d\u00fczeye ta\u015f\u0131yacaklar\u0131na inan\u0131yorum. Birinci ma\u00e7\u0131 oynamak, daha ekip arkada\u015flar\u0131n\u0131n isimlerini ezberlemeden alana \u00e7\u0131kmak kolay de\u011fil. Onlara bu kadar istekli davrand\u0131klar\u0131 i\u00e7in \u00e7ok te\u015fekk\u00fcr ediyorum.<\/p>\n<p> \u00d6n\u00fcm\u00fczdeki ma\u00e7 \u00e7ok k\u0131ymet verdi\u011fim bir kentin, \u00e7ok k\u0131ymet verdi\u011fim bir liderin, \u00e7ok paha verdi\u011fim bir hoca olan \u015eenol G\u00fcne\u015f&#8217;in kadrosuna kar\u015f\u0131 oynayaca\u011f\u0131z. Kendi alanlar\u0131nda \u00e7ok d\u00fczg\u00fcn oynuyorlar. Ligin en \u00e7ok topa sahip olan gruplar\u0131ndan bir tanesi. Ho\u015f futbol oynamak istiyoruz. Sakatl\u0131ks\u0131z, kazas\u0131z, g\u00fczel bir ma\u00e7 diliyorum herkese. Pazartesi g\u00fcn\u00fc Trabzon&#8217;da en d\u00fczg\u00fcn halimizde olmak istiyoruz. B\u00fcy\u00fck bir ma\u00e7. Trabzonspor b\u00fcy\u00fck bir ekip. \u0130n\u015fallah b\u00fcy\u00fck ekibe kar\u015f\u0131 b\u00fcy\u00fck bir oyun oynamak istiyoruz. &#8220;<\/p>\n<\/div>\n","protected":false},"excerpt":{"rendered":"<p>Ey\u00fcpspor Teknik Y\u00f6neticisi Arda Turan, kupadaki Konyaspor hezimetini k\u0131ymetlendirdi ve ligdeki Trabzonspor ma\u00e7\u0131 i\u00e7in konu\u015ftu.<\/p>\n","protected":false},"author":1,"featured_media":14709,"comment_status":"open","ping_status":"open","sticky":false,"template":"","format":"standard","meta":{"footnotes":""},"categories":[25],"tags":[50,43,52],"class_list":["post-14708","post","type-post","status-publish","format-standard","has-post-thumbnail","hentry","category-futbol","tag-mac","tag-oyun","tag-takim"],"_links":{"self":[{"href":"https:\/\/haberbesiktas.tr\/index.php?rest_route=\/wp\/v2\/posts\/14708","targetHints":{"allow":["GET"]}}],"collection":[{"href":"https:\/\/haberbesiktas.tr\/index.php?rest_route=\/wp\/v2\/posts"}],"about":[{"href":"https:\/\/haberbesiktas.tr\/index.php?rest_route=\/wp\/v2\/types\/post"}],"author":[{"embeddable":true,"href":"https:\/\/haberbesiktas.tr\/index.php?rest_route=\/wp\/v2\/users\/1"}],"replies":[{"embeddable":true,"href":"https:\/\/haberbesiktas.tr\/index.php?rest_route=%2Fwp%2Fv2%2Fcomments&post=14708"}],"version-history":[{"count":1,"href":"https:\/\/haberbesiktas.tr\/index.php?rest_route=\/wp\/v2\/posts\/14708\/revisions"}],"predecessor-version":[{"id":14710,"href":"https:\/\/haberbesiktas.tr\/index.php?rest_route=\/wp\/v2\/posts\/14708\/revisions\/14710"}],"wp:featuredmedia":[{"embeddable":true,"href":"https:\/\/haberbesiktas.tr\/index.php?rest_route=\/wp\/v2\/media\/14709"}],"wp:attachment":[{"href":"https:\/\/haberbesiktas.tr\/index.php?rest_route=%2Fwp%2Fv2%2Fmedia&parent=14708"}],"wp:term":[{"taxonomy":"category","embeddable":true,"href":"https:\/\/haberbesiktas.tr\/index.php?rest_route=%2Fwp%2Fv2%2Fcategories&post=14708"},{"taxonomy":"post_tag","embeddable":true,"href":"https:\/\/haberbesiktas.tr\/index.php?rest_route=%2Fwp%2Fv2%2Ftags&post=14708"}],"curies":[{"name":"wp","href":"https:\/\/api.w.org\/{rel}","templated":true}]}}