{"id":14728,"date":"2025-03-06T10:48:06","date_gmt":"2025-03-06T10:48:06","guid":{"rendered":"https:\/\/haberbesiktas.tr\/?p=14728"},"modified":"2025-03-06T10:48:06","modified_gmt":"2025-03-06T10:48:06","slug":"luka-takasi-sonrasi-kombine-biletlilerden-iptal-talepleri-basladi","status":"publish","type":"post","link":"https:\/\/haberbesiktas.tr\/?p=14728","title":{"rendered":"Luka takas\u0131 sonras\u0131, kombine biletlilerden iptal talepleri ba\u015flad\u0131!"},"content":{"rendered":"<div>Dallas Mavericks, Luka Doncic&#8217;in Los Angeles Lakers&#8217;a takas edilmesinin akabinde kombine bilet sahiplerine para iadesi teklif ettikleri taraf\u0131ndaki haberlere kar\u015f\u0131l\u0131k verdi.<\/p>\n<p> WFAA Dallas, tertibin d\u00f6nemin geri kalan\u0131nda biletlerini iptal etmek isteyen kombine bilet sahiplerine para iadesi teklif etti\u011fini sav etmi\u015fti. Para iadesi teklif edildi\u011fini tez eden toplumsal medya g\u00f6nderisi sonras\u0131nda silinmi\u015fti.<\/p>\n<p> Mavericks, WFAA taraf\u0131ndan gelen bir e-postada<strong>, &#8220;Para iadeleri konusunda, her kombine bilet \u00fcyesi ilgisine bedel veriyoruz ve temsilciler, \u00fcyelerin kayg\u0131lar\u0131 yahut sorular\u0131 i\u00e7in aramalar\u0131 yan\u0131tlamak \u00fczere haz\u0131r bulunuyorlar&#8221;<\/strong> tabiri yer ald\u0131.<\/p>\n<p> A\u00e7\u0131klamada ayr\u0131yeten,<strong> &#8220;2025-26 d\u00f6nemi i\u00e7in kombine bilet fiyatland\u0131rmas\u0131 hakk\u0131nda bir karar verilmedi. Kombine bilet \u00fcyeleri, temsilcilerinden \u00f6n\u00fcm\u00fczdeki birka\u00e7 hafta i\u00e7inde haber alacaklar.&#8221;<\/strong> c\u00fcmleleri yer ald\u0131.<\/p>\n<p> WFAA&#8217;n\u0131n taraftar ile ekip temsilcisi ortas\u0131nda elde etti\u011fi e-postalara nazaran, bir d\u00f6nemlik bilet sahibi geri \u00f6deme almay\u0131 ba\u015fard\u0131.<\/p>\n<p> Grup temsilcisinin e-postas\u0131nda,<strong> &#8220;E\u011fer kombine biletleri iptal edeceksek, d\u00f6nemin geri kalan\u0131ndaki t\u00fcm i\u00e7 saha ma\u00e7lar\u0131n\u0131, Houston&#8217;a kar\u015f\u0131 8 \u015eubat&#8217;ta oynanacak ma\u00e7tan itibaren iptal edece\u011fiz.&#8221;<\/strong> tabiri g\u00f6r\u00fcld\u00fc.<\/p>\n<p> Mavericks, ge\u00e7ti\u011fimiz d\u00f6nem NBA&#8217;in en y\u00fcksek 11. kombine bilet fiyat\u0131na (249 dolar) sahipti.<\/p>\n<p> Birka\u00e7 taraftar, Doncic&#8217;in Lakers&#8217;a yapt\u0131\u011f\u0131 \u015fok edici takas\u0131 <strong>protesto<\/strong> etmek i\u00e7in 2 \u015eubat&#8217;ta American Airlines Center&#8217;\u0131n d\u0131\u015f\u0131nda topland\u0131. Bir kesim<strong> &#8220;Tak\u0131m\u0131 sat\u0131n&#8221;<\/strong>\u00a0\u015feklinde ba\u011f\u0131r\u0131rken, ba\u015fka taraftarlar ise genel menajer <strong>Nico Harrison&#8217;\u0131n<\/strong> i\u015fine son verilmesini talep eden pankartlar ta\u015f\u0131yordu. Ayr\u0131yeten arenan\u0131n d\u0131\u015f\u0131nda Doncic&#8217;e kadroyla kutlanan vazife m\u00fchleti i\u00e7in <strong>te\u015fekk\u00fcr<\/strong> minvalinde bir\u00e7ok an\u0131 b\u0131rak\u0131ld\u0131.<\/p>\n<p> Doncic, Dallas&#8217;\u0131 2024 NBA Finalleri&#8217;ne ta\u015f\u0131m\u0131\u015f ve Mavs&#8217;teki alt\u0131 bu\u00e7uk d\u00f6nemi boyunca be\u015fer kere All-Star ve All-NBA tak\u0131mlar\u0131na se\u00e7ilmi\u015fti.<\/p>\n<\/div>\n","protected":false},"excerpt":{"rendered":"<p>Dallas Mavericks, Luka Doncic&#8217;in Los Angeles Lakers&#8217;a takas edilmesinin akabinde kombine bilet sahiplerine para iadesi teklif ettikleri istikametindeki haberlere cevap verdi.<\/p>\n","protected":false},"author":1,"featured_media":14729,"comment_status":"open","ping_status":"open","sticky":false,"template":"","format":"standard","meta":{"footnotes":""},"categories":[10],"tags":[1594,57],"class_list":["post-14728","post","type-post","status-publish","format-standard","has-post-thumbnail","hentry","category-basketbol","tag-kombine-bilet","tag-sezon"],"_links":{"self":[{"href":"https:\/\/haberbesiktas.tr\/index.php?rest_route=\/wp\/v2\/posts\/14728","targetHints":{"allow":["GET"]}}],"collection":[{"href":"https:\/\/haberbesiktas.tr\/index.php?rest_route=\/wp\/v2\/posts"}],"about":[{"href":"https:\/\/haberbesiktas.tr\/index.php?rest_route=\/wp\/v2\/types\/post"}],"author":[{"embeddable":true,"href":"https:\/\/haberbesiktas.tr\/index.php?rest_route=\/wp\/v2\/users\/1"}],"replies":[{"embeddable":true,"href":"https:\/\/haberbesiktas.tr\/index.php?rest_route=%2Fwp%2Fv2%2Fcomments&post=14728"}],"version-history":[{"count":1,"href":"https:\/\/haberbesiktas.tr\/index.php?rest_route=\/wp\/v2\/posts\/14728\/revisions"}],"predecessor-version":[{"id":14730,"href":"https:\/\/haberbesiktas.tr\/index.php?rest_route=\/wp\/v2\/posts\/14728\/revisions\/14730"}],"wp:featuredmedia":[{"embeddable":true,"href":"https:\/\/haberbesiktas.tr\/index.php?rest_route=\/wp\/v2\/media\/14729"}],"wp:attachment":[{"href":"https:\/\/haberbesiktas.tr\/index.php?rest_route=%2Fwp%2Fv2%2Fmedia&parent=14728"}],"wp:term":[{"taxonomy":"category","embeddable":true,"href":"https:\/\/haberbesiktas.tr\/index.php?rest_route=%2Fwp%2Fv2%2Fcategories&post=14728"},{"taxonomy":"post_tag","embeddable":true,"href":"https:\/\/haberbesiktas.tr\/index.php?rest_route=%2Fwp%2Fv2%2Ftags&post=14728"}],"curies":[{"name":"wp","href":"https:\/\/api.w.org\/{rel}","templated":true}]}}