{"id":14735,"date":"2025-03-06T11:12:07","date_gmt":"2025-03-06T11:12:07","guid":{"rendered":"https:\/\/haberbesiktas.tr\/?p=14735"},"modified":"2025-03-06T11:12:07","modified_gmt":"2025-03-06T11:12:07","slug":"cher-ndour-italyaya-donmek-istedim","status":"publish","type":"post","link":"https:\/\/haberbesiktas.tr\/?p=14735","title":{"rendered":"Cher Ndour: &#8220;\u0130talya&#8217;ya d\u00f6nmek istedim&#8221;"},"content":{"rendered":"<div>Be\u015fikta\u015f&#8217;\u0131n yaz transfer periyodunda Paris Saint-Germain&#8217;den kiralad\u0131\u011f\u0131 Cher Ndour, orta transfer periyodunda Fiorentina&#8217;ya imza att\u0131.<\/p>\n<p> Be\u015fikta\u015f&#8217;\u0131n mukavelesini feshetmesi sonras\u0131 PSG&#8217;ye d\u00f6nen Cher Ndour, daha sonra bonservisiyle birlikte Fiorentina&#8217;ya imza att\u0131.<\/p>\n<p> \u0130talyan grubuna transferinin akabinde a\u00e7\u0131klamalarda bulunan 20 ya\u015f\u0131ndaki futbolcu, yurt d\u0131\u015f\u0131nda oynad\u0131\u011f\u0131 periyotta k\u0131ymetli deneyimler elde etti\u011fini belirterek,<strong> &#8220;\u0130talya&#8217;ya d\u00f6nmek i\u00e7in \u00e7ok istekliydim. \u00c7ok fazla grup vard\u0131 fakat benim i\u00e7in ger\u00e7ek yer Fiorentina&#8217;yd\u0131. Buras\u0131, bu kent ve bu taraftarlarla benim i\u00e7in yanl\u0131\u015fs\u0131z proje.&#8221; a<\/strong>\u00e7\u0131klamas\u0131nda bulundu.<\/p>\n<p> Oynad\u0131\u011f\u0131 durumla ilgili konu\u015fan Cher Ndour, <strong>&#8220;Orta alanda t\u00fcm rollerde oynayabilirim. Klasik 8 numara durumunu tercih ediyorum lakin teknik y\u00f6neticim beni her yerde oynatatabilir. T\u00fcm rollerde kendimi rahat hissediyorum.&#8221;<\/strong> s\u00f6zlerini kulland\u0131.<\/p>\n<p> Cher Ndour, son olara, &#8220;Serie A&#8217;y\u0131 her vakit takip ediyordum. Ba\u015fka liglerden farkl\u0131. Fizi\u011fimle ilgili bir sorun oldu\u011funu d\u00fc\u015f\u00fcnm\u00fcyorum lakin yeniden de kadroya ahenk sa\u011flamam gerekiyor. Ahenk sa\u011flayaca\u011f\u0131m. Teknik y\u00f6neticiler esasen bu mevzuda konu\u015ftum.&#8221; dedi.<\/p>\n<p> Be\u015fikta\u015f&#8217;ta bu d\u00f6nem 22 ma\u00e7ta m\u00fchlet bulan \u0130talyan oyuncu, 1 gol att\u0131 ve 2 asist yapt\u0131.<\/p>\n<p><img decoding=\"async\" src=\"https:\/\/haberbesiktas.tr\/wp-content\/uploads\/2025\/03\/cher-ndour-italyaya-donmek-istedim-0-lFu49A4h.jpg\"\/><\/p>\n<\/div>\n","protected":false},"excerpt":{"rendered":"<p>Be\u015fikta\u015f&#8217;tan ayr\u0131lmas\u0131 sonras\u0131 Fiorentina&#8217;ya imza atan Cher Ndour, transfer itiraf\u0131nda bulundu.<\/p>\n","protected":false},"author":1,"featured_media":14736,"comment_status":"open","ping_status":"open","sticky":false,"template":"","format":"standard","meta":{"footnotes":""},"categories":[25],"tags":[],"class_list":["post-14735","post","type-post","status-publish","format-standard","has-post-thumbnail","hentry","category-futbol"],"_links":{"self":[{"href":"https:\/\/haberbesiktas.tr\/index.php?rest_route=\/wp\/v2\/posts\/14735","targetHints":{"allow":["GET"]}}],"collection":[{"href":"https:\/\/haberbesiktas.tr\/index.php?rest_route=\/wp\/v2\/posts"}],"about":[{"href":"https:\/\/haberbesiktas.tr\/index.php?rest_route=\/wp\/v2\/types\/post"}],"author":[{"embeddable":true,"href":"https:\/\/haberbesiktas.tr\/index.php?rest_route=\/wp\/v2\/users\/1"}],"replies":[{"embeddable":true,"href":"https:\/\/haberbesiktas.tr\/index.php?rest_route=%2Fwp%2Fv2%2Fcomments&post=14735"}],"version-history":[{"count":1,"href":"https:\/\/haberbesiktas.tr\/index.php?rest_route=\/wp\/v2\/posts\/14735\/revisions"}],"predecessor-version":[{"id":14738,"href":"https:\/\/haberbesiktas.tr\/index.php?rest_route=\/wp\/v2\/posts\/14735\/revisions\/14738"}],"wp:featuredmedia":[{"embeddable":true,"href":"https:\/\/haberbesiktas.tr\/index.php?rest_route=\/wp\/v2\/media\/14736"}],"wp:attachment":[{"href":"https:\/\/haberbesiktas.tr\/index.php?rest_route=%2Fwp%2Fv2%2Fmedia&parent=14735"}],"wp:term":[{"taxonomy":"category","embeddable":true,"href":"https:\/\/haberbesiktas.tr\/index.php?rest_route=%2Fwp%2Fv2%2Fcategories&post=14735"},{"taxonomy":"post_tag","embeddable":true,"href":"https:\/\/haberbesiktas.tr\/index.php?rest_route=%2Fwp%2Fv2%2Ftags&post=14735"}],"curies":[{"name":"wp","href":"https:\/\/api.w.org\/{rel}","templated":true}]}}