{"id":14760,"date":"2025-03-06T12:48:05","date_gmt":"2025-03-06T12:48:05","guid":{"rendered":"https:\/\/haberbesiktas.tr\/?p=14760"},"modified":"2025-03-06T12:48:05","modified_gmt":"2025-03-06T12:48:05","slug":"mario-hezonja-fenerbahce-macinda-yok","status":"publish","type":"post","link":"https:\/\/haberbesiktas.tr\/?p=14760","title":{"rendered":"Mario Hezonja, Fenerbah\u00e7e ma\u00e7\u0131nda yok!"},"content":{"rendered":"<div>\u0130spanya grubu Real Madrid&#8217;in H\u0131rvat basketbolcusu Mario Hezonja, THY EuroLeague&#8217;de bir ma\u00e7 men cezas\u0131 ald\u0131.<\/p>\n<p> EuroLeague&#8217;nin internet sitesinden yap\u0131lan a\u00e7\u0131klamada, Hezonja&#8217;ya Real Madrid&#8217;in Monaco ile oynad\u0131\u011f\u0131 24. hafta kar\u015f\u0131la\u015fmas\u0131ndaki hakemlere kar\u015f\u0131 sayg\u0131s\u0131z hareketleri nedeniyle bir ma\u00e7 men ve 5 bin avro para cezas\u0131 verildi\u011fi belirtildi.<\/p>\n<p> Bu karar\u0131n akabinde Hezonja, Real Madrid&#8217;in per\u015fembe g\u00fcn\u00fc Fenerbah\u00e7e Beko ile yapaca\u011f\u0131 26. hafta ma\u00e7\u0131nda forma giyemeyecek.<\/p>\n<p> Panathinaikos AKTOR Ba\u015fantren\u00f6r\u00fc Ergin Ataman&#8217;\u0131n ise Zalgiris ile oynanan 23. hafta \u00e7abas\u0131nda hakemlerin talimatlar\u0131na uymad\u0131\u011f\u0131 gerek\u00e7esiyle 6 bin avro para cezas\u0131na \u00e7arpt\u0131r\u0131ld\u0131\u011f\u0131 kaydedildi.<\/p>\n<p> Ayr\u0131yeten birebir m\u00fcsabakadaki taraftar olaylar\u0131 sebebiyle iki gruba da iki\u015fer bin avro para cezas\u0131 verildi\u011fi tabir edildi.<\/p>\n<\/div>\n","protected":false},"excerpt":{"rendered":"<p>THY EuroLeague&#8217;de bir ma\u00e7 men cezas\u0131 alan Mario Hezonja, Fenerbah\u00e7e Beko ma\u00e7\u0131nda forma giyemeyecek.<\/p>\n","protected":false},"author":1,"featured_media":14761,"comment_status":"open","ping_status":"open","sticky":false,"template":"","format":"standard","meta":{"footnotes":""},"categories":[10],"tags":[],"class_list":["post-14760","post","type-post","status-publish","format-standard","has-post-thumbnail","hentry","category-basketbol"],"_links":{"self":[{"href":"https:\/\/haberbesiktas.tr\/index.php?rest_route=\/wp\/v2\/posts\/14760","targetHints":{"allow":["GET"]}}],"collection":[{"href":"https:\/\/haberbesiktas.tr\/index.php?rest_route=\/wp\/v2\/posts"}],"about":[{"href":"https:\/\/haberbesiktas.tr\/index.php?rest_route=\/wp\/v2\/types\/post"}],"author":[{"embeddable":true,"href":"https:\/\/haberbesiktas.tr\/index.php?rest_route=\/wp\/v2\/users\/1"}],"replies":[{"embeddable":true,"href":"https:\/\/haberbesiktas.tr\/index.php?rest_route=%2Fwp%2Fv2%2Fcomments&post=14760"}],"version-history":[{"count":1,"href":"https:\/\/haberbesiktas.tr\/index.php?rest_route=\/wp\/v2\/posts\/14760\/revisions"}],"predecessor-version":[{"id":14762,"href":"https:\/\/haberbesiktas.tr\/index.php?rest_route=\/wp\/v2\/posts\/14760\/revisions\/14762"}],"wp:featuredmedia":[{"embeddable":true,"href":"https:\/\/haberbesiktas.tr\/index.php?rest_route=\/wp\/v2\/media\/14761"}],"wp:attachment":[{"href":"https:\/\/haberbesiktas.tr\/index.php?rest_route=%2Fwp%2Fv2%2Fmedia&parent=14760"}],"wp:term":[{"taxonomy":"category","embeddable":true,"href":"https:\/\/haberbesiktas.tr\/index.php?rest_route=%2Fwp%2Fv2%2Fcategories&post=14760"},{"taxonomy":"post_tag","embeddable":true,"href":"https:\/\/haberbesiktas.tr\/index.php?rest_route=%2Fwp%2Fv2%2Ftags&post=14760"}],"curies":[{"name":"wp","href":"https:\/\/api.w.org\/{rel}","templated":true}]}}