{"id":14766,"date":"2025-03-06T13:12:08","date_gmt":"2025-03-06T13:12:08","guid":{"rendered":"https:\/\/haberbesiktas.tr\/?p=14766"},"modified":"2025-03-06T13:12:08","modified_gmt":"2025-03-06T13:12:08","slug":"gencler-ve-yildizlar-okul-sporlari-dart-grup-musabakalari-orduda-basladi","status":"publish","type":"post","link":"https:\/\/haberbesiktas.tr\/?p=14766","title":{"rendered":"Gen\u00e7ler ve Y\u0131ld\u0131zlar Okul Sporlar\u0131 Dart Grup M\u00fcsabakalar\u0131, Ordu&#8217;da ba\u015flad\u0131"},"content":{"rendered":"<p><span><span>Gen\u00e7ler ve Y\u0131ld\u0131zlar Okul Sporlar\u0131 Dart K\u00fcme Kar\u015f\u0131la\u015fmalar\u0131, Ordu&#8217;da ba\u015flad\u0131.\u00a0<\/span><\/span> Spor Hizmetleri Genel M\u00fcd\u00fcrl\u00fc\u011f\u00fc Okul Sporlar\u0131 Daire Ba\u015fkanl\u0131\u011f\u0131 faaliyet program\u0131nda yer alan kar\u015f\u0131la\u015fmalara Ordu&#8217;nun yan\u0131 s\u0131ra Amasya, Ardahan, Artvin, Bayburt, \u00c7orum, Erzincan, Erzurum, Giresun, G\u00fcm\u00fc\u015fhane, Kars, Kastamonu, Kayseri, Mu\u015f, Rize, Samsun, Sinop, Sivas, Tokat ve Trabzon&#8217;dan atletler kat\u0131ld\u0131.<\/p>\n<p> Gen\u00e7lik ve Spor Vilayet M\u00fcd\u00fcr\u00fc Hakan Y\u00fcksel, Alt\u0131nordu Atat\u00fcrk Spor Salonu&#8217;nda ger\u00e7ekle\u015ftirilen kar\u015f\u0131la\u015fmalarda u\u011fra\u015f eden atletlere muvaffakiyet diledi.<\/p>\n<p> Sporun k\u0131ymetine i\u015faret eden Y\u00fcksel, &#8220;Spor, toplumsal a\u00e7\u0131dan birle\u015ftirici bir g\u00fc\u00e7t\u00fcr ve farkl\u0131 kentlerden gelen sportmenler ortas\u0131nda k\u00fclt\u00fcrel kayna\u015fmay\u0131 da sa\u011flamaktad\u0131r. Kar\u015f\u0131la\u015fmalar\u0131n rastgele bir kaza ve sakatl\u0131k ya\u015fanmadan tamamlanmas\u0131 ve sizlerin sa\u011fl\u0131kl\u0131 bir bi\u00e7imde \u015fehirlerinize d\u00f6nmesi en b\u00fcy\u00fck dile\u011fimizdir.&#8221; dedi.<\/p>\n<p> Hakan Y\u00fcksel, 8 \u015eubat&#8217;ta sona erecek kar\u015f\u0131la\u015fmalarda ba\u015far\u0131l\u0131 olacak atletlerin 1-4 Mart&#8217;ta Karab\u00fck&#8217;te d\u00fczenlenecek T\u00fcrkiye finallerine kat\u0131lmaya hak kazanaca\u011f\u0131n\u0131 aktard\u0131.<\/p>\n","protected":false},"excerpt":{"rendered":"<p>Gen\u00e7ler ve Y\u0131ld\u0131zlar Okul Sporlar\u0131 Dart K\u00fcme Kar\u015f\u0131la\u015fmalar\u0131, Ordu&#8217;da ba\u015flad\u0131.<\/p>\n","protected":false},"author":1,"featured_media":14767,"comment_status":"open","ping_status":"open","sticky":false,"template":"","format":"standard","meta":{"footnotes":""},"categories":[27],"tags":[65],"class_list":["post-14766","post","type-post","status-publish","format-standard","has-post-thumbnail","hentry","category-guncel-haberler","tag-spor"],"_links":{"self":[{"href":"https:\/\/haberbesiktas.tr\/index.php?rest_route=\/wp\/v2\/posts\/14766","targetHints":{"allow":["GET"]}}],"collection":[{"href":"https:\/\/haberbesiktas.tr\/index.php?rest_route=\/wp\/v2\/posts"}],"about":[{"href":"https:\/\/haberbesiktas.tr\/index.php?rest_route=\/wp\/v2\/types\/post"}],"author":[{"embeddable":true,"href":"https:\/\/haberbesiktas.tr\/index.php?rest_route=\/wp\/v2\/users\/1"}],"replies":[{"embeddable":true,"href":"https:\/\/haberbesiktas.tr\/index.php?rest_route=%2Fwp%2Fv2%2Fcomments&post=14766"}],"version-history":[{"count":1,"href":"https:\/\/haberbesiktas.tr\/index.php?rest_route=\/wp\/v2\/posts\/14766\/revisions"}],"predecessor-version":[{"id":14768,"href":"https:\/\/haberbesiktas.tr\/index.php?rest_route=\/wp\/v2\/posts\/14766\/revisions\/14768"}],"wp:featuredmedia":[{"embeddable":true,"href":"https:\/\/haberbesiktas.tr\/index.php?rest_route=\/wp\/v2\/media\/14767"}],"wp:attachment":[{"href":"https:\/\/haberbesiktas.tr\/index.php?rest_route=%2Fwp%2Fv2%2Fmedia&parent=14766"}],"wp:term":[{"taxonomy":"category","embeddable":true,"href":"https:\/\/haberbesiktas.tr\/index.php?rest_route=%2Fwp%2Fv2%2Fcategories&post=14766"},{"taxonomy":"post_tag","embeddable":true,"href":"https:\/\/haberbesiktas.tr\/index.php?rest_route=%2Fwp%2Fv2%2Ftags&post=14766"}],"curies":[{"name":"wp","href":"https:\/\/api.w.org\/{rel}","templated":true}]}}