{"id":14769,"date":"2025-03-06T13:24:08","date_gmt":"2025-03-06T13:24:08","guid":{"rendered":"https:\/\/haberbesiktas.tr\/?p=14769"},"modified":"2025-03-06T13:24:08","modified_gmt":"2025-03-06T13:24:08","slug":"karsiyaka-transferde-gallinati-acikladi","status":"publish","type":"post","link":"https:\/\/haberbesiktas.tr\/?p=14769","title":{"rendered":"Kar\u015f\u0131yaka transferde Gallinat&#8217;\u0131 a\u00e7\u0131klad\u0131"},"content":{"rendered":"<div>Basketbol \u00dcst\u00fcn Ligi&#8217;nde 6 yabanc\u0131 oyuncusu ekipteki sponsor krizi nedeniyle ayr\u0131lan Kar\u015f\u0131yaka, ge\u00e7en hafta Russell&#8217;dan ald\u0131\u011f\u0131 &#8216;buy out&#8217; paras\u0131yla transfer yasa\u011f\u0131n\u0131 kald\u0131rmas\u0131n\u0131n akabinde mutabakata vard\u0131\u011f\u0131 \u015fut\u00f6r guard Roberto Gallinat&#8217;\u0131n imzas\u0131n\u0131 resmen duyurdu. Son olarak \u0130srail&#8217;in Maccabi Ramat Gan kadrosunda oynayan 28 ya\u015f\u0131nda, 1.92 uzunlu\u011fundaki ABD&#8217;li oyuncu s\u00fcre\u00e7lerin tamamlanmas\u0131n\u0131n akabinde imza att\u0131.<\/p>\n<p> Gallinat bu d\u00f6nem \u015eampiyonlar Ligi&#8217;nde 9.7 say\u0131, 2,4 ribaund, 1,3 asist, \u0130srail Ligi&#8217;nde 14,1 say\u0131, 2,8 ribaund, 1.5 asist ortalamalar\u0131 tutturmu\u015ftu. Kul\u00fcpteki zahmetli s\u00fcre\u00e7te yabanc\u0131s\u0131z kalan Kar\u015f\u0131yaka&#8217;n\u0131n en az 2 transfer daha yapmas\u0131 bekleniyor. Kaf-Kaf 6 yabanc\u0131 oyuncusu, kaptan\u0131 Kenan Sipahi ve Antren\u00f6r Ufuk Sar\u0131ca&#8217;n\u0131n kul\u00fcpten ayr\u0131ld\u0131\u011f\u0131 s\u00fcre\u00e7te ligde \u00fcst \u00fcste 6 yenilgi alm\u0131\u015f, Avrupa&#8217;da \u015eampiyonlar Ligi&#8217;nden de elenmi\u015fti.<\/p>\n<div>\u00a0<\/div>\n<p> \u00a0<\/p>\n<\/div>\n","protected":false},"excerpt":{"rendered":"<p>Kar\u015f\u0131yaka, ge\u00e7en hafta Russell&#8217;dan ald\u0131\u011f\u0131 &#8216;buy out&#8217; paras\u0131yla transfer yasa\u011f\u0131n\u0131 kald\u0131rmas\u0131n\u0131n akabinde mutabakata vard\u0131\u011f\u0131 \u015fut\u00f6r guard Roberto Gallinat&#8217;\u0131n imzas\u0131n\u0131 resmen duyurdu.<\/p>\n","protected":false},"author":1,"featured_media":14770,"comment_status":"open","ping_status":"open","sticky":false,"template":"","format":"standard","meta":{"footnotes":""},"categories":[10],"tags":[],"class_list":["post-14769","post","type-post","status-publish","format-standard","has-post-thumbnail","hentry","category-basketbol"],"_links":{"self":[{"href":"https:\/\/haberbesiktas.tr\/index.php?rest_route=\/wp\/v2\/posts\/14769","targetHints":{"allow":["GET"]}}],"collection":[{"href":"https:\/\/haberbesiktas.tr\/index.php?rest_route=\/wp\/v2\/posts"}],"about":[{"href":"https:\/\/haberbesiktas.tr\/index.php?rest_route=\/wp\/v2\/types\/post"}],"author":[{"embeddable":true,"href":"https:\/\/haberbesiktas.tr\/index.php?rest_route=\/wp\/v2\/users\/1"}],"replies":[{"embeddable":true,"href":"https:\/\/haberbesiktas.tr\/index.php?rest_route=%2Fwp%2Fv2%2Fcomments&post=14769"}],"version-history":[{"count":1,"href":"https:\/\/haberbesiktas.tr\/index.php?rest_route=\/wp\/v2\/posts\/14769\/revisions"}],"predecessor-version":[{"id":14771,"href":"https:\/\/haberbesiktas.tr\/index.php?rest_route=\/wp\/v2\/posts\/14769\/revisions\/14771"}],"wp:featuredmedia":[{"embeddable":true,"href":"https:\/\/haberbesiktas.tr\/index.php?rest_route=\/wp\/v2\/media\/14770"}],"wp:attachment":[{"href":"https:\/\/haberbesiktas.tr\/index.php?rest_route=%2Fwp%2Fv2%2Fmedia&parent=14769"}],"wp:term":[{"taxonomy":"category","embeddable":true,"href":"https:\/\/haberbesiktas.tr\/index.php?rest_route=%2Fwp%2Fv2%2Fcategories&post=14769"},{"taxonomy":"post_tag","embeddable":true,"href":"https:\/\/haberbesiktas.tr\/index.php?rest_route=%2Fwp%2Fv2%2Ftags&post=14769"}],"curies":[{"name":"wp","href":"https:\/\/api.w.org\/{rel}","templated":true}]}}