{"id":14772,"date":"2025-03-06T13:36:09","date_gmt":"2025-03-06T13:36:09","guid":{"rendered":"https:\/\/haberbesiktas.tr\/?p=14772"},"modified":"2025-03-06T13:36:09","modified_gmt":"2025-03-06T13:36:09","slug":"kocaelispor-tffye-basvuru-yolunda","status":"publish","type":"post","link":"https:\/\/haberbesiktas.tr\/?p=14772","title":{"rendered":"Kocaelispor, TFF&#8217;ye ba\u015fvuru yolunda"},"content":{"rendered":"<div><span><span>Ziraat T\u00fcrkiye Kupas\u0131 D K\u00fcmesi 2. haftas\u0131nda konuk etti\u011fi Net K\u00fcresel Sivasspor&#8217;a 2-0 ma\u011flup olan Kocaelispor&#8217;un, rakibin &#8220;idari tedbirli&#8221; futbolcu oynatt\u0131\u011f\u0131 teziyle kar\u015f\u0131la\u015fma sonucuna itiraz edebilece\u011fi \u00f6ne s\u00fcr\u00fcld\u00fc.<\/span><\/span> Kocaelispor Bas\u0131n S\u00f6zc\u00fcs\u00fc Kadir Gen\u00e7, yapt\u0131\u011f\u0131 yaz\u0131l\u0131 a\u00e7\u0131klamada, Murat Paluli&#8217;nin idari \u00f6nlemli olmas\u0131na kar\u015f\u0131n kar\u015f\u0131la\u015fmada misyon ald\u0131\u011f\u0131n\u0131 savunarak, kar\u015f\u0131la\u015fma sonucuna itiraz etmek i\u00e7in 7 g\u00fcnl\u00fck m\u00fchletleri bulundu\u011funu belirtti.<\/p>\n<p> Gen\u00e7, a\u00e7\u0131klamas\u0131nda \u015funlar\u0131 kaydetti:<\/p>\n<p> &#8220;Rakip grupla yap\u0131lan g\u00f6r\u00fc\u015fmelerde taraf\u0131m\u0131za futbolcunun sevkinin kupa kar\u015f\u0131la\u015fmas\u0131nda ge\u00e7erli olmad\u0131\u011f\u0131na dair sevk yaz\u0131s\u0131 ald\u0131klar\u0131 ve her hal\u00fckarda futbolcunun idari \u00f6nlemli olmas\u0131na kar\u015f\u0131n kupa kar\u015f\u0131la\u015fmas\u0131nda misyon alabilmesi ismine gerekli m\u00fcsaade yaz\u0131lar\u0131n\u0131n al\u0131nd\u0131\u011f\u0131 bildirilmi\u015ftir. Buna kar\u015f\u0131l\u0131k kul\u00fcb\u00fcm\u00fcz ilgili futbolcunun sevkinin nas\u0131l yap\u0131ld\u0131\u011f\u0131na dair disiplin sevk yaz\u0131s\u0131 ile TFF&#8217;den al\u0131nan \u00f6zel m\u00fcsaade yaz\u0131s\u0131n\u0131 talep etmi\u015ftir. Ne yaz\u0131k ki halihaz\u0131rda kul\u00fcb\u00fcm\u00fcze sunulan bir dok\u00fcman bulunmamaktad\u0131r. Kul\u00fcb\u00fcm\u00fcz hak kayb\u0131 ya\u015famamak ismine rakip kadro taraf\u0131ndan gerekli evraklar\u0131n taraf\u0131m\u0131za ula\u015ft\u0131r\u0131lmamas\u0131 hallerinde kar\u015f\u0131la\u015fma sonucunun rakibimiz aleyhine h\u00fckmen 3-0 yenilgi olarak tescillenmesi niyetiyle TFF ilgili kurumlar\u0131na m\u00fcracaat yapacakt\u0131r.&#8221;<\/p>\n<\/div>\n","protected":false},"excerpt":{"rendered":"<p>Ziraat T\u00fcrkiye Kupas\u0131 D K\u00fcmesi 2. haftas\u0131nda konuk etti\u011fi Net K\u00fcresel Sivasspor&#8217;a 2-0 ma\u011flup olan Kocaelispor&#8217;un, rakibin &#8220;idari tedbirli&#8221; futbolcu oynatt\u0131\u011f\u0131 arg\u00fcman\u0131yla kar\u015f\u0131la\u015fma sonucuna itiraz edebilece\u011fi bildirildi.<\/p>\n","protected":false},"author":1,"featured_media":14773,"comment_status":"open","ping_status":"open","sticky":false,"template":"","format":"standard","meta":{"footnotes":""},"categories":[25],"tags":[748],"class_list":["post-14772","post","type-post","status-publish","format-standard","has-post-thumbnail","hentry","category-futbol","tag-musabaka"],"_links":{"self":[{"href":"https:\/\/haberbesiktas.tr\/index.php?rest_route=\/wp\/v2\/posts\/14772","targetHints":{"allow":["GET"]}}],"collection":[{"href":"https:\/\/haberbesiktas.tr\/index.php?rest_route=\/wp\/v2\/posts"}],"about":[{"href":"https:\/\/haberbesiktas.tr\/index.php?rest_route=\/wp\/v2\/types\/post"}],"author":[{"embeddable":true,"href":"https:\/\/haberbesiktas.tr\/index.php?rest_route=\/wp\/v2\/users\/1"}],"replies":[{"embeddable":true,"href":"https:\/\/haberbesiktas.tr\/index.php?rest_route=%2Fwp%2Fv2%2Fcomments&post=14772"}],"version-history":[{"count":1,"href":"https:\/\/haberbesiktas.tr\/index.php?rest_route=\/wp\/v2\/posts\/14772\/revisions"}],"predecessor-version":[{"id":14774,"href":"https:\/\/haberbesiktas.tr\/index.php?rest_route=\/wp\/v2\/posts\/14772\/revisions\/14774"}],"wp:featuredmedia":[{"embeddable":true,"href":"https:\/\/haberbesiktas.tr\/index.php?rest_route=\/wp\/v2\/media\/14773"}],"wp:attachment":[{"href":"https:\/\/haberbesiktas.tr\/index.php?rest_route=%2Fwp%2Fv2%2Fmedia&parent=14772"}],"wp:term":[{"taxonomy":"category","embeddable":true,"href":"https:\/\/haberbesiktas.tr\/index.php?rest_route=%2Fwp%2Fv2%2Fcategories&post=14772"},{"taxonomy":"post_tag","embeddable":true,"href":"https:\/\/haberbesiktas.tr\/index.php?rest_route=%2Fwp%2Fv2%2Ftags&post=14772"}],"curies":[{"name":"wp","href":"https:\/\/api.w.org\/{rel}","templated":true}]}}