{"id":14775,"date":"2025-03-06T13:48:07","date_gmt":"2025-03-06T13:48:07","guid":{"rendered":"https:\/\/haberbesiktas.tr\/?p=14775"},"modified":"2025-03-06T13:48:07","modified_gmt":"2025-03-06T13:48:07","slug":"fenerbahceden-filede-tarihi-transferler","status":"publish","type":"post","link":"https:\/\/haberbesiktas.tr\/?p=14775","title":{"rendered":"Fenerbah\u00e7e&#8217;den filede tarihi transferler!"},"content":{"rendered":"<p>Fenerbah\u00e7e Medicana&#8217;da gelecek d\u00f6nemin tak\u0131m\u0131 i\u00e7in \u00e7al\u0131\u015fmalar devam ediyor.<\/p>\n<p> Sar\u0131-lacivertliler, \u00fc\u00e7 de\u011ferli isimle tak\u0131m\u0131n\u0131 g\u00fc\u00e7lendirdi.<\/p>\n<p> <strong>Fenerbah\u00e7e Medicana, gelecek d\u00f6nem i\u00e7in Zehra G\u00fcne\u015f, Hande Balad\u0131n ve Agnieszka Korneluk ile mutabakat sa\u011flad\u0131.<\/strong><\/p>\n<p><strong>KARDE\u015e\u0130YLE FENERBAH\u00c7E&#8217;DE BULU\u015eACAK<\/strong><\/p>\n<p> Zehra G\u00fcne\u015f&#8217;in karde\u015fi Mina G\u00fcne\u015f de 2023 yaz\u0131nda Vak\u0131fbank altyap\u0131s\u0131ndan Fenerbah\u00e7e&#8217;ye transfer olmu\u015ftu. Zehra G\u00fcne\u015f b\u00f6ylelikle karde\u015fiyle birlikte Fenerbah\u00e7e&#8217;de bulu\u015facak.<\/p>\n<p><img decoding=\"async\" src=\"https:\/\/haberbesiktas.tr\/wp-content\/uploads\/2025\/03\/fenerbahceden-filede-tarihi-transferler-0-tmSlehxH.jpg\"\/><\/p>\n","protected":false},"excerpt":{"rendered":"<p>Fenerbah\u00e7e Medicana, 2025\/26 d\u00f6nemi i\u00e7in Zehra G\u00fcne\u015f, Hande Balad\u0131n ve Agnieszka Korneluk ile mutabakata vard\u0131.<\/p>\n","protected":false},"author":1,"featured_media":14776,"comment_status":"open","ping_status":"open","sticky":false,"template":"","format":"standard","meta":{"footnotes":""},"categories":[39],"tags":[115],"class_list":["post-14775","post","type-post","status-publish","format-standard","has-post-thumbnail","hentry","category-voleybol","tag-fenerbahce"],"_links":{"self":[{"href":"https:\/\/haberbesiktas.tr\/index.php?rest_route=\/wp\/v2\/posts\/14775","targetHints":{"allow":["GET"]}}],"collection":[{"href":"https:\/\/haberbesiktas.tr\/index.php?rest_route=\/wp\/v2\/posts"}],"about":[{"href":"https:\/\/haberbesiktas.tr\/index.php?rest_route=\/wp\/v2\/types\/post"}],"author":[{"embeddable":true,"href":"https:\/\/haberbesiktas.tr\/index.php?rest_route=\/wp\/v2\/users\/1"}],"replies":[{"embeddable":true,"href":"https:\/\/haberbesiktas.tr\/index.php?rest_route=%2Fwp%2Fv2%2Fcomments&post=14775"}],"version-history":[{"count":1,"href":"https:\/\/haberbesiktas.tr\/index.php?rest_route=\/wp\/v2\/posts\/14775\/revisions"}],"predecessor-version":[{"id":14778,"href":"https:\/\/haberbesiktas.tr\/index.php?rest_route=\/wp\/v2\/posts\/14775\/revisions\/14778"}],"wp:featuredmedia":[{"embeddable":true,"href":"https:\/\/haberbesiktas.tr\/index.php?rest_route=\/wp\/v2\/media\/14776"}],"wp:attachment":[{"href":"https:\/\/haberbesiktas.tr\/index.php?rest_route=%2Fwp%2Fv2%2Fmedia&parent=14775"}],"wp:term":[{"taxonomy":"category","embeddable":true,"href":"https:\/\/haberbesiktas.tr\/index.php?rest_route=%2Fwp%2Fv2%2Fcategories&post=14775"},{"taxonomy":"post_tag","embeddable":true,"href":"https:\/\/haberbesiktas.tr\/index.php?rest_route=%2Fwp%2Fv2%2Ftags&post=14775"}],"curies":[{"name":"wp","href":"https:\/\/api.w.org\/{rel}","templated":true}]}}