{"id":14785,"date":"2025-03-06T14:36:13","date_gmt":"2025-03-06T14:36:13","guid":{"rendered":"https:\/\/haberbesiktas.tr\/?p=14785"},"modified":"2025-03-06T14:36:13","modified_gmt":"2025-03-06T14:36:13","slug":"selahattin-baki-zapta-gecmemis-pismanim-demedim","status":"publish","type":"post","link":"https:\/\/haberbesiktas.tr\/?p=14785","title":{"rendered":"Selahattin Baki: &#8220;Zapta ge\u00e7memi\u015f, pi\u015fman\u0131m demedim!&#8221;"},"content":{"rendered":"<div>Fenerbah\u00e7e&#8217;nin eski y\u00f6neticisi Selahattin Baki, ge\u00e7en d\u00f6nem oynanan Galatasaray derbisinin akabinde ya\u015fanan olaylarla ilgili tabir verdi. Baki, daha sonra verdi\u011fi s\u00f6zle ilgili konu\u015ftu.<\/p>\n<p> <strong>Verdi\u011fi tabirle ilgili Habert\u00fcrk&#8217;e konu\u015fan Selahattin Baki, \u015fu s\u00f6zleri kulland\u0131:<\/strong><\/p>\n<p> &#8220;G\u00f6n\u00fcl isterdi ki bu t\u00fcrl\u00fc bir g\u00fcndemden dolay\u0131 konu\u015fmuyor olsayd\u0131k. 100 k\u00fcs\u00fcr y\u0131ll\u0131k Fenerbah\u00e7e &#8211; Galatasaray rekabetinde k\u00fclfetli, gergin derbiler olmu\u015ftur. Burada bir kaotik ortamda, biz yaln\u0131zca ve yaln\u0131zca hakl\u0131 bir galibiyetten, 10 ki\u015fi kald\u0131ktan sonra kazan\u0131nca taraftar\u0131m\u0131zla b\u00fct\u00fcnle\u015fmek istedi\u011fimiz vakit, bir direni\u015fle kar\u015f\u0131la\u015ft\u0131k. Birtak\u0131m tats\u0131zl\u0131klar, polemikler oldu.&#8221;<\/p>\n<p> &#8220;Ortama nazaran, oradaki say\u0131ya nazaran \u00e7ok vahim olaylar\u0131n olmad\u0131\u011f\u0131n\u0131 d\u00fc\u015f\u00fcnd\u00fcm. Bu s\u0131rada liderimize yanl\u0131\u015fs\u0131z 4-5 ki\u015finin parmak sallaya sallaya at\u0131l\u0131m yapt\u0131\u011f\u0131n\u0131 g\u00f6rd\u00fcm. Bunu anlat\u0131yorum en ba\u015ftan, \u00e7ok de\u011fer verdi\u011fim bir bahis var. \u00dcst\u00fcne basa basa, iki kez verdi\u011fim bir beyan\u0131n az evvel zapta ge\u00e7medi\u011fini g\u00f6rd\u00fcm. Hasebiyle \u00e7ok de\u011ferli. Ayr\u0131nt\u0131 ka\u00e7\u0131rmak istemiyorum. Burada hi\u00e7bir formda inkar de etmedim. Bize kar\u015f\u0131 el hareketi ve k\u00fcf\u00fcr oldu\u011fu i\u00e7in ben de k\u00fcf\u00fcrle kar\u015f\u0131l\u0131k verdim. Bunu da inkar etmiyorum. Benim etti\u011fim k\u00fcf\u00fcr, orada 4-5 ki\u015filik bir k\u00fcme vard\u0131, liderimize yanl\u0131\u015fs\u0131z atak yapar \u00fczere beden lisanlar\u0131yla, jestleriyle&#8230; Olay bundan ibaret.&#8221;<\/p>\n<p> <strong>&#8220;\u0130S\u0130M OLARAK B\u0130L\u0130YORDUM&#8221;<\/strong><\/p>\n<p> &#8220;Ben Eray Yazgan&#8217;\u0131 isim olarak kim oldu\u011funu biliyorum, Galatasaray genel sekreteri olmas\u0131ndan \u00f6t\u00fcr\u00fc, medyatik bir y\u00f6netim kurulu \u00fcyesi olmad\u0131\u011f\u0131 i\u00e7in yani bas\u0131n s\u00f6zc\u00fcs\u00fc, futbol \u015fube sorumlusu olmad\u0131\u011f\u0131 i\u00e7in simas\u0131n\u0131 bilmiyordum. Ben bunu s\u00f6yledim. Ben kendisini sima olarak bu derbi olay\u0131ndan sonra, kendisiyle ilgili, her ne kadar \u00fcst\u00fcn\u00fc kapatmaya \u00e7al\u0131\u015f\u0131yor olsalar da, bir karaborsa bilet skandal tezleri vard\u0131 kendisiyle ilgili. Bu olaylardan sonra kendisinin simas\u0131na vak\u0131f oldum. Ben bunu iki kez s\u00f6yledim, zapta ge\u00e7memi\u015f. Bu birinci ayr\u0131nt\u0131.&#8221;<\/p>\n<p> <strong>&#8220;P\u0130\u015eMANIM D\u0130YE BEYAN VERMED\u0130M&#8221;<\/strong><\/p>\n<p> &#8220;Birka\u00e7 tane bildiri geldi bana, &#8216;pi\u015fman\u0131m&#8217; \u00fczere bir beyan verdi\u011fimi sav edenler var. Ben hi\u00e7 o denli bir beyan vermedim. Ke\u015fke bu t\u00fcrl\u00fc bir \u015fey olmasayd\u0131, madem oldu \u015funu s\u00f6yleyebilirim; ben bug\u00fcn de, d\u00fcn de, yar\u0131n da benim yan\u0131mda rastgele bir Fenerbah\u00e7e ba\u015fkan\u0131na, y\u00f6netim kurulu dava arkada\u015f\u0131ma yahut Fenerbah\u00e7e taraftar\u0131na bu bi\u00e7imde k\u00fcf\u00fcr ede ede, parmak sallaya sallaya bir tehditkar \u00fcslup kullan\u0131l\u0131rsa birebir \u00fcslubu tekrar kullanaca\u011f\u0131m\u0131 beyan ederim.&#8221;<\/p>\n<p> &#8220;\u0130nsan \u015funa \u00fcz\u00fcl\u00fcyor; evvelce ne kadar sert ortamlar g\u00f6rd\u00fc Fenerbah\u00e7e ve Galatasaray, ne kadar vahim olaylar oldu lakin al\u0131\u015f\u0131lm\u0131\u015f ki bu i\u015fin k\u00fclt\u00fcr\u00fcn\u00fc, soka\u011f\u0131n\u0131, trib\u00fcn\u00fcn\u00fc, gerginli\u011fini ya\u015fam\u0131\u015f be\u015ferler hi\u00e7bir vakit birbirlerini bu t\u00fcrl\u00fc mahkemeye vermedi. Ben bug\u00fcn nitekim utan\u00e7 duyuyorum devletin kar\u015f\u0131s\u0131na k\u00fcf\u00fcrden \u00f6t\u00fcr\u00fc \u00e7\u0131kt\u0131\u011f\u0131m\u0131z i\u00e7in, devletin vaktini harcad\u0131\u011f\u0131m\u0131z i\u00e7in.&#8221;<\/p>\n<\/div>\n","protected":false},"excerpt":{"rendered":"<p>Fenerbah\u00e7e&#8217;nin eski y\u00f6neticisi Selahattin Baki, ge\u00e7en d\u00f6nem oynanan Galatasaray derbisinin akabinde ya\u015fanan olaylarla ilgili s\u00f6z verdi. Baki, daha sonra verdi\u011fi tabirle ilgili konu\u015ftu.<\/p>\n","protected":false},"author":1,"featured_media":14786,"comment_status":"open","ping_status":"open","sticky":false,"template":"","format":"standard","meta":{"footnotes":""},"categories":[25],"tags":[1596,115,1597,686,1598],"class_list":["post-14785","post","type-post","status-publish","format-standard","has-post-thumbnail","hentry","category-futbol","tag-beyan","tag-fenerbahce","tag-kufur","tag-olay","tag-verdigi"],"_links":{"self":[{"href":"https:\/\/haberbesiktas.tr\/index.php?rest_route=\/wp\/v2\/posts\/14785","targetHints":{"allow":["GET"]}}],"collection":[{"href":"https:\/\/haberbesiktas.tr\/index.php?rest_route=\/wp\/v2\/posts"}],"about":[{"href":"https:\/\/haberbesiktas.tr\/index.php?rest_route=\/wp\/v2\/types\/post"}],"author":[{"embeddable":true,"href":"https:\/\/haberbesiktas.tr\/index.php?rest_route=\/wp\/v2\/users\/1"}],"replies":[{"embeddable":true,"href":"https:\/\/haberbesiktas.tr\/index.php?rest_route=%2Fwp%2Fv2%2Fcomments&post=14785"}],"version-history":[{"count":1,"href":"https:\/\/haberbesiktas.tr\/index.php?rest_route=\/wp\/v2\/posts\/14785\/revisions"}],"predecessor-version":[{"id":14787,"href":"https:\/\/haberbesiktas.tr\/index.php?rest_route=\/wp\/v2\/posts\/14785\/revisions\/14787"}],"wp:featuredmedia":[{"embeddable":true,"href":"https:\/\/haberbesiktas.tr\/index.php?rest_route=\/wp\/v2\/media\/14786"}],"wp:attachment":[{"href":"https:\/\/haberbesiktas.tr\/index.php?rest_route=%2Fwp%2Fv2%2Fmedia&parent=14785"}],"wp:term":[{"taxonomy":"category","embeddable":true,"href":"https:\/\/haberbesiktas.tr\/index.php?rest_route=%2Fwp%2Fv2%2Fcategories&post=14785"},{"taxonomy":"post_tag","embeddable":true,"href":"https:\/\/haberbesiktas.tr\/index.php?rest_route=%2Fwp%2Fv2%2Ftags&post=14785"}],"curies":[{"name":"wp","href":"https:\/\/api.w.org\/{rel}","templated":true}]}}