{"id":14795,"date":"2025-03-06T15:12:08","date_gmt":"2025-03-06T15:12:08","guid":{"rendered":"https:\/\/haberbesiktas.tr\/?p=14795"},"modified":"2025-03-06T15:12:08","modified_gmt":"2025-03-06T15:12:08","slug":"galatasaray-mutlu-sona-cok-yakin-carlos-cuesta","status":"publish","type":"post","link":"https:\/\/haberbesiktas.tr\/?p=14795","title":{"rendered":"Galatasaray mutlu sona \u00e7ok yak\u0131n: Carlos Cuesta"},"content":{"rendered":"<div>Transfer \u00e7al\u0131\u015fmalar\u0131n\u0131 s\u00fcrd\u00fcren Galatasaray, Victor Nelsson&#8217;un ayr\u0131l\u0131\u011f\u0131 sonras\u0131 stoper deste\u011fi i\u00e7in harekete ge\u00e7ti.<\/p>\n<p>DHA&#8217;dan Serhan T\u00fcrk&#8217;\u00fcn haberine nazaran;\u00a0<span>Galatasaray, Genk&#8217;in 25 ya\u015f\u0131ndaki Kolombiyal\u0131 stoperi Carlos Cuesta i\u00e7in kul\u00fcb\u00fc ile muahedeye vard\u0131.<\/span><\/p>\n<p>Habere nazaran; Galatasaray oyuncuyla olan g\u00f6r\u00fc\u015fmelerini s\u00fcrd\u00fcr\u00fcyor. Oyuncuyla yapt\u0131\u011f\u0131 g\u00f6r\u00fc\u015fmelerde de son kademeye gelen Galatasaray, Kolombiyal\u0131 stoper ile 3.5 y\u0131ll\u0131k bir mukavele imzalamay\u0131 planl\u0131yor.<\/p>\n<p><strong>DAVINSON&#8217;LA B\u0130RL\u0130KTE OYNUYOR<\/strong><\/p>\n<p><span>Kolombiya Ulusal Ekibi&#8217;nden Davinson Sanchez&#8217;in kadro arkada\u015f\u0131 olan Cuesta, ana mevkisi stoper olmas\u0131na kar\u015f\u0131n \u00f6n libero ve sa\u011f bekte de forma giyebiliyor.<\/span><\/p>\n<p><span>G\u00fcncel piyasa pahas\u0131 5 milyon euro olarak g\u00f6sterilen Cuesta&#8217;n\u0131n Genk ile kontrat\u0131 2026 y\u0131l\u0131na kadar devam ediyor.<\/span><\/p>\n<p><span>Genk&#8217;te bu d\u00f6nem 13 ma\u00e7ta m\u00fchlet bulan 25 ya\u015f\u0131ndaki futbolcu, 1 gol att\u0131.<\/span><\/p>\n<div>\u00a0<\/div>\n<\/div>\n","protected":false},"excerpt":{"rendered":"<p>Galatasaray, Genk&#8217;in 25 ya\u015f\u0131ndaki Kolombiyal\u0131 stoperi Carlos Cuesta i\u00e7in kul\u00fcb\u00fc ile mutabakata vard\u0131.<\/p>\n","protected":false},"author":1,"featured_media":14796,"comment_status":"open","ping_status":"open","sticky":false,"template":"","format":"standard","meta":{"footnotes":""},"categories":[25],"tags":[],"class_list":["post-14795","post","type-post","status-publish","format-standard","has-post-thumbnail","hentry","category-futbol"],"_links":{"self":[{"href":"https:\/\/haberbesiktas.tr\/index.php?rest_route=\/wp\/v2\/posts\/14795","targetHints":{"allow":["GET"]}}],"collection":[{"href":"https:\/\/haberbesiktas.tr\/index.php?rest_route=\/wp\/v2\/posts"}],"about":[{"href":"https:\/\/haberbesiktas.tr\/index.php?rest_route=\/wp\/v2\/types\/post"}],"author":[{"embeddable":true,"href":"https:\/\/haberbesiktas.tr\/index.php?rest_route=\/wp\/v2\/users\/1"}],"replies":[{"embeddable":true,"href":"https:\/\/haberbesiktas.tr\/index.php?rest_route=%2Fwp%2Fv2%2Fcomments&post=14795"}],"version-history":[{"count":1,"href":"https:\/\/haberbesiktas.tr\/index.php?rest_route=\/wp\/v2\/posts\/14795\/revisions"}],"predecessor-version":[{"id":14797,"href":"https:\/\/haberbesiktas.tr\/index.php?rest_route=\/wp\/v2\/posts\/14795\/revisions\/14797"}],"wp:featuredmedia":[{"embeddable":true,"href":"https:\/\/haberbesiktas.tr\/index.php?rest_route=\/wp\/v2\/media\/14796"}],"wp:attachment":[{"href":"https:\/\/haberbesiktas.tr\/index.php?rest_route=%2Fwp%2Fv2%2Fmedia&parent=14795"}],"wp:term":[{"taxonomy":"category","embeddable":true,"href":"https:\/\/haberbesiktas.tr\/index.php?rest_route=%2Fwp%2Fv2%2Fcategories&post=14795"},{"taxonomy":"post_tag","embeddable":true,"href":"https:\/\/haberbesiktas.tr\/index.php?rest_route=%2Fwp%2Fv2%2Ftags&post=14795"}],"curies":[{"name":"wp","href":"https:\/\/api.w.org\/{rel}","templated":true}]}}