{"id":14879,"date":"2025-03-06T20:36:05","date_gmt":"2025-03-06T20:36:05","guid":{"rendered":"https:\/\/haberbesiktas.tr\/?p=14879"},"modified":"2025-03-06T20:36:05","modified_gmt":"2025-03-06T20:36:05","slug":"tadic-fenerbahce-kariyerinde-ilk-kez-kadroda-yer-almadi","status":"publish","type":"post","link":"https:\/\/haberbesiktas.tr\/?p=14879","title":{"rendered":"Tadic, Fenerbah\u00e7e kariyerinde ilk kez kadroda yer almad\u0131"},"content":{"rendered":"<div>Fenerbah\u00e7e&#8217;nin S\u0131rp futbolcusu Dusan Tadic, gribal enfeksiyon sebebiyle Erzurumspor FK kar\u015f\u0131s\u0131nda tak\u0131mda yer almad\u0131.<\/p>\n<p> Fenerbah\u00e7e&#8217;ye transfer oldu\u011fu 2023-2024 d\u00f6neminde 57 resmi ma\u00e7\u0131n 56&#8217;s\u0131nda forma giyen Tadic, Ziraat T\u00fcrkiye Kupas\u0131&#8217;ndaki Adanaspor ma\u00e7\u0131nda ise tak\u0131mda yer al\u0131p oyuna dahil olmam\u0131\u015ft\u0131.<\/p>\n<p> Ge\u00e7en d\u00f6nem \u0130smail Kartal&#8217;\u0131n, bu d\u00f6nem da Jose Mourinho&#8217;nun vazge\u00e7ilmezi olan Dusan Tadic, 34 ma\u00e7\u0131n 33&#8217;\u00fcnde m\u00fcddet al\u0131p kupadaki Kas\u0131mpa\u015fa kar\u015f\u0131la\u015fmas\u0131nda oyuna girmemi\u015fti.<\/p>\n<p> Erzurumspor FK ma\u00e7\u0131nda tak\u0131ma dahil edilmeyen tecr\u00fcbeli futbolcu, Fenerbah\u00e7e mesle\u011finde birinci sefer ma\u00e7 tak\u0131m\u0131nda yer almad\u0131.<\/p>\n<\/div>\n","protected":false},"excerpt":{"rendered":"<p>Fenerbah\u00e7e&#8217;nin S\u0131rp futbolcusu Dusan Tadic, gribal enfeksiyon sebebiyle Erzurumspor FK kar\u015f\u0131s\u0131nda tak\u0131mda yer almad\u0131.<\/p>\n","protected":false},"author":1,"featured_media":14880,"comment_status":"open","ping_status":"open","sticky":false,"template":"","format":"standard","meta":{"footnotes":""},"categories":[25],"tags":[50],"class_list":["post-14879","post","type-post","status-publish","format-standard","has-post-thumbnail","hentry","category-futbol","tag-mac"],"_links":{"self":[{"href":"https:\/\/haberbesiktas.tr\/index.php?rest_route=\/wp\/v2\/posts\/14879","targetHints":{"allow":["GET"]}}],"collection":[{"href":"https:\/\/haberbesiktas.tr\/index.php?rest_route=\/wp\/v2\/posts"}],"about":[{"href":"https:\/\/haberbesiktas.tr\/index.php?rest_route=\/wp\/v2\/types\/post"}],"author":[{"embeddable":true,"href":"https:\/\/haberbesiktas.tr\/index.php?rest_route=\/wp\/v2\/users\/1"}],"replies":[{"embeddable":true,"href":"https:\/\/haberbesiktas.tr\/index.php?rest_route=%2Fwp%2Fv2%2Fcomments&post=14879"}],"version-history":[{"count":1,"href":"https:\/\/haberbesiktas.tr\/index.php?rest_route=\/wp\/v2\/posts\/14879\/revisions"}],"predecessor-version":[{"id":14881,"href":"https:\/\/haberbesiktas.tr\/index.php?rest_route=\/wp\/v2\/posts\/14879\/revisions\/14881"}],"wp:featuredmedia":[{"embeddable":true,"href":"https:\/\/haberbesiktas.tr\/index.php?rest_route=\/wp\/v2\/media\/14880"}],"wp:attachment":[{"href":"https:\/\/haberbesiktas.tr\/index.php?rest_route=%2Fwp%2Fv2%2Fmedia&parent=14879"}],"wp:term":[{"taxonomy":"category","embeddable":true,"href":"https:\/\/haberbesiktas.tr\/index.php?rest_route=%2Fwp%2Fv2%2Fcategories&post=14879"},{"taxonomy":"post_tag","embeddable":true,"href":"https:\/\/haberbesiktas.tr\/index.php?rest_route=%2Fwp%2Fv2%2Ftags&post=14879"}],"curies":[{"name":"wp","href":"https:\/\/api.w.org\/{rel}","templated":true}]}}