{"id":14937,"date":"2025-03-07T00:24:05","date_gmt":"2025-03-07T00:24:05","guid":{"rendered":"https:\/\/haberbesiktas.tr\/?p=14937"},"modified":"2025-03-07T00:24:05","modified_gmt":"2025-03-07T00:24:05","slug":"bayer-leverkusen-kupada-turu-uzatmada-aldi","status":"publish","type":"post","link":"https:\/\/haberbesiktas.tr\/?p=14937","title":{"rendered":"Bayer Leverkusen kupada turu uzatmada ald\u0131"},"content":{"rendered":"<div>Almanya Kupas\u0131 \u00e7eyrek finalinde Xabi Alonso&#8217;nun grubu Bayer Leverkusen meskeninde Gerhard Struber&#8217;in idaresindeki K\u00f6ln&#8217;\u00fc uzatmalar sonras\u0131 3-2 yenerek \u00e7e\u015fit atlad\u0131.<\/p>\n<p> BayArena&#8217;da oynanan ma\u00e7ta K\u00f6ln&#8217;\u00fcn gollerini; 45+10&#8217;da Damion Downs ve 54. dakikada Linton Mania kaydetti.<\/p>\n<p> Bayer Leverkusen&#8217;in gollerini ise 61. dakikada ve 90+6&#8217;da Patrik Schick kaydetti.<\/p>\n<p> Ola\u011fan m\u00fcddeti 2-2 biten ma\u00e7ta Leverkusen&#8217;e tipi getiren gol\u00fc ise birinci uzatma devresinde 98. dakikada Victor Boniface att\u0131.<\/p>\n<p> Bu sonu\u00e7la birlikte Bayer Leverkusen ge\u00e7ti\u011fimiz d\u00f6nem m\u00fczesine g\u00f6t\u00fcrd\u00fc\u011f\u00fc Almanya Kupas\u0131&#8217;nda yar finale y\u00fckselirken, K\u00f6ln ismini turnuvaya \u00e7eyrek finalde veda etmi\u015f oldu.<\/p>\n<\/div>\n","protected":false},"excerpt":{"rendered":"<p>Almanya Kupas\u0131 \u00e7eyrek finalinde Bayer Leverkusen konutunda K\u00f6ln&#8217;\u00fc uzatmalar sonras\u0131 3-2 yenerek cins atlad\u0131.<\/p>\n","protected":false},"author":1,"featured_media":14938,"comment_status":"open","ping_status":"open","sticky":false,"template":"","format":"standard","meta":{"footnotes":""},"categories":[25],"tags":[],"class_list":["post-14937","post","type-post","status-publish","format-standard","has-post-thumbnail","hentry","category-futbol"],"_links":{"self":[{"href":"https:\/\/haberbesiktas.tr\/index.php?rest_route=\/wp\/v2\/posts\/14937","targetHints":{"allow":["GET"]}}],"collection":[{"href":"https:\/\/haberbesiktas.tr\/index.php?rest_route=\/wp\/v2\/posts"}],"about":[{"href":"https:\/\/haberbesiktas.tr\/index.php?rest_route=\/wp\/v2\/types\/post"}],"author":[{"embeddable":true,"href":"https:\/\/haberbesiktas.tr\/index.php?rest_route=\/wp\/v2\/users\/1"}],"replies":[{"embeddable":true,"href":"https:\/\/haberbesiktas.tr\/index.php?rest_route=%2Fwp%2Fv2%2Fcomments&post=14937"}],"version-history":[{"count":1,"href":"https:\/\/haberbesiktas.tr\/index.php?rest_route=\/wp\/v2\/posts\/14937\/revisions"}],"predecessor-version":[{"id":14939,"href":"https:\/\/haberbesiktas.tr\/index.php?rest_route=\/wp\/v2\/posts\/14937\/revisions\/14939"}],"wp:featuredmedia":[{"embeddable":true,"href":"https:\/\/haberbesiktas.tr\/index.php?rest_route=\/wp\/v2\/media\/14938"}],"wp:attachment":[{"href":"https:\/\/haberbesiktas.tr\/index.php?rest_route=%2Fwp%2Fv2%2Fmedia&parent=14937"}],"wp:term":[{"taxonomy":"category","embeddable":true,"href":"https:\/\/haberbesiktas.tr\/index.php?rest_route=%2Fwp%2Fv2%2Fcategories&post=14937"},{"taxonomy":"post_tag","embeddable":true,"href":"https:\/\/haberbesiktas.tr\/index.php?rest_route=%2Fwp%2Fv2%2Ftags&post=14937"}],"curies":[{"name":"wp","href":"https:\/\/api.w.org\/{rel}","templated":true}]}}