{"id":14940,"date":"2025-03-07T00:36:05","date_gmt":"2025-03-07T00:36:05","guid":{"rendered":"https:\/\/haberbesiktas.tr\/?p=14940"},"modified":"2025-03-07T00:36:05","modified_gmt":"2025-03-07T00:36:05","slug":"afyonkarahisarda-sehit-cuneyt-tasyurek-anisina-voleybol-maci-duzenlendi","status":"publish","type":"post","link":"https:\/\/haberbesiktas.tr\/?p=14940","title":{"rendered":"Afyonkarahisar&#8217;da \u015fehit C\u00fcneyt Ta\u015fy\u00fcrek an\u0131s\u0131na voleybol ma\u00e7\u0131 d\u00fczenlendi"},"content":{"rendered":"<p>Afyonkarahisar&#8217;\u0131n \u00c7obanlar il\u00e7esinde, \u015fehit C\u00fcneyt Ta\u015fy\u00fcrek an\u0131s\u0131na voleybol ma\u00e7\u0131 d\u00fczenlendi.<\/p>\n<p> Valilik ile \u00c7obanlar Kaymakaml\u0131\u011f\u0131 voleybol ekipleri ortas\u0131ndaki m\u00fcsabaka, il\u00e7enin Kapal\u0131 Spor Salonu&#8217;nda ger\u00e7ekle\u015ftirildi.<\/p>\n<p> M\u00fcsabakay\u0131, Vali K\u00fcbra G\u00fcran Yi\u011fitba\u015f\u0131 ile e\u015fi Burhan Selim Yi\u011fitba\u015f\u0131, \u00c7obanlar Kaymakam\u0131 Nazmi Y\u00fccel ve Belediye Ba\u015fkan\u0131 Ali Altunta\u015f ile birlikte izledi.<\/p>\n<p> Ma\u00e7 sonunda gazetecilere a\u00e7\u0131klamalarda bulunan Vali Yi\u011fitba\u015f\u0131, \u015fehit Ta\u015fy\u00fcrek an\u0131s\u0131na voleybol kar\u015f\u0131la\u015fmas\u0131 tertiplendi\u011fini s\u00f6yledi.<\/p>\n<p> Bir tarafta \u00c7obanlar Kaymakaml\u0131\u011f\u0131, \u00f6teki tarafta da Valilik \u00e7al\u0131\u015fan\u0131n\u0131n oldu\u011funu kaydeden Yi\u011fitba\u015f\u0131, &#8220;G\u00f6n\u00fcl ister ki bizim taraf kazans\u0131n. Kazanan dostluk oldu. A\u011f\u0131r bir i\u015f temposundan sonra buraya geldim. \u0130l\u00e7eler ortas\u0131nda kar\u015f\u0131la\u015fmalar bu t\u00fcrl\u00fc devam ettik\u00e7e hem birbirimizle daha ho\u015f, daha s\u0131k\u0131 bir temas\u0131m\u0131z olacak hem gen\u00e7leri spora te\u015fvik etmi\u015f olaca\u011f\u0131z.&#8221; dedi.<\/p>\n<p> Ma\u00e7, \u00c7obanlar Kaymakaml\u0131\u011f\u0131 voleybol ekibinin 3-1 galibiyetiyle sona erdi.<\/p>\n","protected":false},"excerpt":{"rendered":"<p>Afyonkarahisar&#8217;\u0131n \u00c7obanlar il\u00e7esinde, \u015fehit C\u00fcneyt Ta\u015fy\u00fcrek an\u0131s\u0131na voleybol ma\u00e7\u0131 yap\u0131ld\u0131.<\/p>\n","protected":false},"author":1,"featured_media":14941,"comment_status":"open","ping_status":"open","sticky":false,"template":"","format":"standard","meta":{"footnotes":""},"categories":[39],"tags":[1614],"class_list":["post-14940","post","type-post","status-publish","format-standard","has-post-thumbnail","hentry","category-voleybol","tag-cobanlar"],"_links":{"self":[{"href":"https:\/\/haberbesiktas.tr\/index.php?rest_route=\/wp\/v2\/posts\/14940","targetHints":{"allow":["GET"]}}],"collection":[{"href":"https:\/\/haberbesiktas.tr\/index.php?rest_route=\/wp\/v2\/posts"}],"about":[{"href":"https:\/\/haberbesiktas.tr\/index.php?rest_route=\/wp\/v2\/types\/post"}],"author":[{"embeddable":true,"href":"https:\/\/haberbesiktas.tr\/index.php?rest_route=\/wp\/v2\/users\/1"}],"replies":[{"embeddable":true,"href":"https:\/\/haberbesiktas.tr\/index.php?rest_route=%2Fwp%2Fv2%2Fcomments&post=14940"}],"version-history":[{"count":1,"href":"https:\/\/haberbesiktas.tr\/index.php?rest_route=\/wp\/v2\/posts\/14940\/revisions"}],"predecessor-version":[{"id":14942,"href":"https:\/\/haberbesiktas.tr\/index.php?rest_route=\/wp\/v2\/posts\/14940\/revisions\/14942"}],"wp:featuredmedia":[{"embeddable":true,"href":"https:\/\/haberbesiktas.tr\/index.php?rest_route=\/wp\/v2\/media\/14941"}],"wp:attachment":[{"href":"https:\/\/haberbesiktas.tr\/index.php?rest_route=%2Fwp%2Fv2%2Fmedia&parent=14940"}],"wp:term":[{"taxonomy":"category","embeddable":true,"href":"https:\/\/haberbesiktas.tr\/index.php?rest_route=%2Fwp%2Fv2%2Fcategories&post=14940"},{"taxonomy":"post_tag","embeddable":true,"href":"https:\/\/haberbesiktas.tr\/index.php?rest_route=%2Fwp%2Fv2%2Ftags&post=14940"}],"curies":[{"name":"wp","href":"https:\/\/api.w.org\/{rel}","templated":true}]}}