{"id":14946,"date":"2025-03-07T01:00:09","date_gmt":"2025-03-07T01:00:09","guid":{"rendered":"https:\/\/haberbesiktas.tr\/?p=14946"},"modified":"2025-03-07T01:00:09","modified_gmt":"2025-03-07T01:00:09","slug":"boluspor-galatasaray-muhtemel-11ler","status":"publish","type":"post","link":"https:\/\/haberbesiktas.tr\/?p=14946","title":{"rendered":"Boluspor &#8211; Galatasaray: Muhtemel 11&#8217;ler"},"content":{"rendered":"<div>Galatasaray, Ziraat T\u00fcrkiye Kupas\u0131 C K\u00fcmesi&#8217;nin ikinci haftas\u0131nda deplasmanda Trendyol 1. Lig temsilcisi Geosis Boluspor ile kar\u015f\u0131la\u015facak.<\/p>\n<p> Bolu Atat\u00fcrk Stad\u0131&#8217;nda yap\u0131lacak ma\u00e7, saat 16.00&#8217;da ba\u015flayacak. Kar\u015f\u0131la\u015fmay\u0131 hakem Yi\u011fit Arslan y\u00f6netecek. U\u011fra\u015f A Spor&#8217;dan yay\u0131mlanacak.<\/p>\n<p><span><span><strong>TUTTUR&#8217;DA \u00c7ABUCAK OYNAMAK \u0130\u00c7\u0130N TIKLA!<\/strong><\/span><\/span><\/p>\n<p><img decoding=\"async\" src=\"https:\/\/haberbesiktas.tr\/wp-content\/uploads\/2025\/03\/boluspor-galatasaray-muhtemel-11ler-0-MRQ58fAS.jpeg\"\/><\/p>\n<p><strong>MUHTEMEL 11&#8217;LER<\/p>\n<p>Boluspor:<\/strong> \u00c7a\u011flar, Oulare, I\u015f\u0131k Kaan, Onur, Enes, O\u011fuz Ka\u011fan, Berk, Lico, Jefferson, Mukairu, Aleksic.<\/p>\n<p><strong>Galatasaray:<\/strong> G\u00fcnay, Metehan, Kaan, Abd\u00fclkerim, Jelert, Ey\u00fcp, Torreira, Berkan, Yusuf Demir, Ahmed Kutucu, Alvaro Morata.<\/p>\n<p><img decoding=\"async\" src=\"https:\/\/haberbesiktas.tr\/wp-content\/uploads\/2025\/03\/boluspor-galatasaray-muhtemel-11ler-1-njNnlQk3.jpg\"\/><\/p>\n<p>T\u00fcrkiye Kupas\u0131&#8217;nda k\u00fcme etab\u0131ndaki birinci kar\u015f\u0131la\u015fmas\u0131nda RAMS Ba\u015fak\u015fehir ile 2-2 berabere kalan sar\u0131-k\u0131rm\u0131z\u0131l\u0131 tak\u0131m, ikinci ma\u00e7\u0131na Bolu deplasman\u0131ndan \u00e7\u0131kacak.<\/p>\n<p> Teknik y\u00f6netici Okan Buruk&#8217;un Boluspor gayretinde \u00fclk\u00fc birinci 11&#8217;inde de\u011ferli bir rotasyona gitmesi bekleniyor.<\/p>\n<p> Boluspor ise kupadaki birinci ma\u00e7\u0131nda S\u00fcper Lig temsilcisi ikas Ey\u00fcpspor&#8217;a 1-0 ma\u011flup oldu.<\/p>\n<p> Ziraat T\u00fcrkiye Kupas\u0131&#8217;nda Boluspor ile deplasmanda kar\u015f\u0131la\u015facak Galatasaray&#8217;da sekiz isim ma\u00e7 tak\u0131m\u0131nda yer almad\u0131.<\/p>\n<p> Sar\u0131-k\u0131rm\u0131z\u0131l\u0131 kul\u00fcpten yap\u0131lan a\u00e7\u0131klamada; Mauro Icardi, Fernando Muslera, Ismael Jakobs, Kerem Demirbay, Bar\u0131\u015f Alper Y\u0131lmaz, Rolland Sallai, Yunus Akg\u00fcn, Victor Osimhen&#8217;in tak\u0131mda olmad\u0131\u011f\u0131 duyuruldu.<\/p>\n<\/div>\n","protected":false},"excerpt":{"rendered":"<p>Galatasaray, Ziraat T\u00fcrkiye Kupas\u0131 C K\u00fcmesi&#8217;nin ikinci haftas\u0131nda deplasmanda Trendyol 1. Lig temsilcisi Geosis Boluspor ile kar\u015f\u0131la\u015facak.<\/p>\n","protected":false},"author":1,"featured_media":14947,"comment_status":"open","ping_status":"open","sticky":false,"template":"","format":"standard","meta":{"footnotes":""},"categories":[25],"tags":[1615],"class_list":["post-14946","post","type-post","status-publish","format-standard","has-post-thumbnail","hentry","category-futbol","tag-boluspor"],"_links":{"self":[{"href":"https:\/\/haberbesiktas.tr\/index.php?rest_route=\/wp\/v2\/posts\/14946","targetHints":{"allow":["GET"]}}],"collection":[{"href":"https:\/\/haberbesiktas.tr\/index.php?rest_route=\/wp\/v2\/posts"}],"about":[{"href":"https:\/\/haberbesiktas.tr\/index.php?rest_route=\/wp\/v2\/types\/post"}],"author":[{"embeddable":true,"href":"https:\/\/haberbesiktas.tr\/index.php?rest_route=\/wp\/v2\/users\/1"}],"replies":[{"embeddable":true,"href":"https:\/\/haberbesiktas.tr\/index.php?rest_route=%2Fwp%2Fv2%2Fcomments&post=14946"}],"version-history":[{"count":1,"href":"https:\/\/haberbesiktas.tr\/index.php?rest_route=\/wp\/v2\/posts\/14946\/revisions"}],"predecessor-version":[{"id":14950,"href":"https:\/\/haberbesiktas.tr\/index.php?rest_route=\/wp\/v2\/posts\/14946\/revisions\/14950"}],"wp:featuredmedia":[{"embeddable":true,"href":"https:\/\/haberbesiktas.tr\/index.php?rest_route=\/wp\/v2\/media\/14947"}],"wp:attachment":[{"href":"https:\/\/haberbesiktas.tr\/index.php?rest_route=%2Fwp%2Fv2%2Fmedia&parent=14946"}],"wp:term":[{"taxonomy":"category","embeddable":true,"href":"https:\/\/haberbesiktas.tr\/index.php?rest_route=%2Fwp%2Fv2%2Fcategories&post=14946"},{"taxonomy":"post_tag","embeddable":true,"href":"https:\/\/haberbesiktas.tr\/index.php?rest_route=%2Fwp%2Fv2%2Ftags&post=14946"}],"curies":[{"name":"wp","href":"https:\/\/api.w.org\/{rel}","templated":true}]}}