{"id":15008,"date":"2025-03-07T05:00:09","date_gmt":"2025-03-07T05:00:09","guid":{"rendered":"https:\/\/haberbesiktas.tr\/?p=15008"},"modified":"2025-03-07T05:00:09","modified_gmt":"2025-03-07T05:00:09","slug":"super-ligde-23-haftanin-hakemleri-belli-oldu","status":"publish","type":"post","link":"https:\/\/haberbesiktas.tr\/?p=15008","title":{"rendered":"S\u00fcper Lig&#8217;de 23. haftan\u0131n hakemleri belli oldu"},"content":{"rendered":"<div>Trendyol S\u00fcper Lig&#8217;de 23. hafta ma\u00e7lar\u0131n\u0131 y\u00f6neten hakemler belirli oldu.<\/p>\n<p>Sivasspor &#8211; Be\u015fikta\u015f: Ali \u015eansalan<br \/>Alanyaspor &#8211; Fenerbah\u00e7e: Cihan Ayd\u0131n<br \/>Galatasaray &#8211; Adana Demirspor: O\u011fuzhan \u00c7ak\u0131r<\/p>\n<p><img decoding=\"async\" src=\"https:\/\/haberbesiktas.tr\/wp-content\/uploads\/2025\/03\/super-ligde-23-haftanin-hakemleri-belli-oldu-0-hO3NUsIq.jpg\"\/><\/div>\n","protected":false},"excerpt":{"rendered":"<p>Trendyol S\u00fcper Lig&#8217;de 23. haftan\u0131n hakemleri belirli oldu.<\/p>\n","protected":false},"author":1,"featured_media":15009,"comment_status":"open","ping_status":"open","sticky":false,"template":"","format":"standard","meta":{"footnotes":""},"categories":[25],"tags":[],"class_list":["post-15008","post","type-post","status-publish","format-standard","has-post-thumbnail","hentry","category-futbol"],"_links":{"self":[{"href":"https:\/\/haberbesiktas.tr\/index.php?rest_route=\/wp\/v2\/posts\/15008","targetHints":{"allow":["GET"]}}],"collection":[{"href":"https:\/\/haberbesiktas.tr\/index.php?rest_route=\/wp\/v2\/posts"}],"about":[{"href":"https:\/\/haberbesiktas.tr\/index.php?rest_route=\/wp\/v2\/types\/post"}],"author":[{"embeddable":true,"href":"https:\/\/haberbesiktas.tr\/index.php?rest_route=\/wp\/v2\/users\/1"}],"replies":[{"embeddable":true,"href":"https:\/\/haberbesiktas.tr\/index.php?rest_route=%2Fwp%2Fv2%2Fcomments&post=15008"}],"version-history":[{"count":1,"href":"https:\/\/haberbesiktas.tr\/index.php?rest_route=\/wp\/v2\/posts\/15008\/revisions"}],"predecessor-version":[{"id":15011,"href":"https:\/\/haberbesiktas.tr\/index.php?rest_route=\/wp\/v2\/posts\/15008\/revisions\/15011"}],"wp:featuredmedia":[{"embeddable":true,"href":"https:\/\/haberbesiktas.tr\/index.php?rest_route=\/wp\/v2\/media\/15009"}],"wp:attachment":[{"href":"https:\/\/haberbesiktas.tr\/index.php?rest_route=%2Fwp%2Fv2%2Fmedia&parent=15008"}],"wp:term":[{"taxonomy":"category","embeddable":true,"href":"https:\/\/haberbesiktas.tr\/index.php?rest_route=%2Fwp%2Fv2%2Fcategories&post=15008"},{"taxonomy":"post_tag","embeddable":true,"href":"https:\/\/haberbesiktas.tr\/index.php?rest_route=%2Fwp%2Fv2%2Ftags&post=15008"}],"curies":[{"name":"wp","href":"https:\/\/api.w.org\/{rel}","templated":true}]}}