{"id":1515,"date":"2025-01-06T14:30:44","date_gmt":"2025-01-06T14:30:44","guid":{"rendered":"https:\/\/haberbesiktas.tr\/?p=1515"},"modified":"2025-01-06T14:30:44","modified_gmt":"2025-01-06T14:30:44","slug":"virgil-van-dijk-mukemmel-degiliz","status":"publish","type":"post","link":"https:\/\/haberbesiktas.tr\/?p=1515","title":{"rendered":"Virgil Van Dijk: &#8220;M\u00fckemmel de\u011filiz&#8221;"},"content":{"rendered":"<div>Premier Lig&#8217;in 20. haftas\u0131nda Arne Slot&#8217;un grubu Liverpool ile Ruben Amorim&#8217;in idaresindeki Manchester United 2-2 berabere kald\u0131.<\/p>\n<div>Ma\u00e7\u0131n akabinde a\u00e7\u0131klamalarda bulunan\u00a0Virgil Van Dijk, &#8220;E\u011fer kendimize kar\u015f\u0131 d\u00fcr\u00fcst olursak sonu\u00e7 \u00e7ok daha makus olabilirdi. Sonunda b\u00fcy\u00fck bir baht yakalad\u0131lar ve sonu\u00e7 \u00e7ok daha mak\u00fbs olabilirdi. Konutumuzda puan kaybetti\u011fimiz i\u00e7in katiyetle hayal k\u0131r\u0131kl\u0131\u011f\u0131na u\u011frad\u0131m lakin olan oldu ve yolumuza devam etmeliyiz ve edece\u011fiz.&#8221; dedi.<\/p>\n<p><strong>&#8220;M\u00dcKEMMEL DE\u011e\u0130L\u0130Z&#8221;<\/strong><br \/> Ma\u00e7 hakk\u0131nda taktiksel a\u00e7\u0131klamalar yapan Van Dijk, &#8220;2-1&#8217;i bulduk ve bundan sonras\u0131 oyunu y\u00f6netmeye \u00e7al\u0131\u015fmak ve topu \u00fc\u00e7 ya da d\u00f6rt pas\u0131n \u00f6tesinde daha uzun m\u00fcddet aya\u011f\u0131m\u0131zda tutmakla ilgili. Vakit zaman topu \u00e7ok kolay kaybettik ve olmas\u0131 gerekenden daha fazla a\u00e7\u0131k verdik. Eksiksiz de\u011filiz, hala \u00f6\u011freniyoruz ve bundan da ders \u00e7\u0131karmal\u0131y\u0131z.&#8221; yorumunu yapt\u0131.<\/p>\n<p><strong>&#8220;MANU&#8217;YU K\u00dc\u00c7\u00dcMSEMED\u0130K&#8221;<\/strong><\/p>\n<p> Manchester United&#8217;\u0131 k\u00fc\u00e7\u00fcmseyerek ma\u00e7a \u00e7\u0131k\u0131p \u00e7\u0131kmad\u0131klar\u0131 hakk\u0131nda konu\u015fan Hollandal\u0131 oyuncu, &#8220;Bunlar\u0131n hepsi medyan\u0131n kelamlar\u0131. Medya yaz\u0131yor, konu\u015fuyor. Bunlar\u0131n bizimle bir ilgisi yok. Bug\u00fcn g\u00f6rd\u00fc\u011f\u00fcm\u00fcz \u00fczere \u00e7ok \u015fiddetli bir ma\u00e7a haz\u0131rland\u0131k. Bunlar\u0131n hi\u00e7birini d\u00fc\u015f\u00fcnmedik.&#8221;\u00a0de\u011ferlendirmesinde bulundu.<\/p>\n<p><strong>&#8220;L\u0130G TABLOSUNA BAKAMAYIZ&#8221;<\/strong><\/p>\n<p> Ligdeki pozisyonlar\u0131 hakk\u0131nda sorulan soruya kar\u015f\u0131l\u0131k veren stoper, &#8220;Biz bir sonraki ma\u00e7a bakar\u0131z, lig tablosuna\u00a0bakamay\u0131z.&#8221; dedi.<\/p><\/div>\n<\/div>\n","protected":false},"excerpt":{"rendered":"<p>Liverpool oyuncusu Virgil Van Dijk, Manchester United ile 2-2 berabere biten ma\u00e7\u0131n akabinde a\u00e7\u0131klamalarda bulundu.<\/p>\n","protected":false},"author":1,"featured_media":1516,"comment_status":"open","ping_status":"open","sticky":false,"template":"","format":"standard","meta":{"footnotes":""},"categories":[25],"tags":[50],"class_list":["post-1515","post","type-post","status-publish","format-standard","has-post-thumbnail","hentry","category-futbol","tag-mac"],"_links":{"self":[{"href":"https:\/\/haberbesiktas.tr\/index.php?rest_route=\/wp\/v2\/posts\/1515","targetHints":{"allow":["GET"]}}],"collection":[{"href":"https:\/\/haberbesiktas.tr\/index.php?rest_route=\/wp\/v2\/posts"}],"about":[{"href":"https:\/\/haberbesiktas.tr\/index.php?rest_route=\/wp\/v2\/types\/post"}],"author":[{"embeddable":true,"href":"https:\/\/haberbesiktas.tr\/index.php?rest_route=\/wp\/v2\/users\/1"}],"replies":[{"embeddable":true,"href":"https:\/\/haberbesiktas.tr\/index.php?rest_route=%2Fwp%2Fv2%2Fcomments&post=1515"}],"version-history":[{"count":1,"href":"https:\/\/haberbesiktas.tr\/index.php?rest_route=\/wp\/v2\/posts\/1515\/revisions"}],"predecessor-version":[{"id":1517,"href":"https:\/\/haberbesiktas.tr\/index.php?rest_route=\/wp\/v2\/posts\/1515\/revisions\/1517"}],"wp:featuredmedia":[{"embeddable":true,"href":"https:\/\/haberbesiktas.tr\/index.php?rest_route=\/wp\/v2\/media\/1516"}],"wp:attachment":[{"href":"https:\/\/haberbesiktas.tr\/index.php?rest_route=%2Fwp%2Fv2%2Fmedia&parent=1515"}],"wp:term":[{"taxonomy":"category","embeddable":true,"href":"https:\/\/haberbesiktas.tr\/index.php?rest_route=%2Fwp%2Fv2%2Fcategories&post=1515"},{"taxonomy":"post_tag","embeddable":true,"href":"https:\/\/haberbesiktas.tr\/index.php?rest_route=%2Fwp%2Fv2%2Ftags&post=1515"}],"curies":[{"name":"wp","href":"https:\/\/api.w.org\/{rel}","templated":true}]}}