{"id":15161,"date":"2025-03-07T14:48:07","date_gmt":"2025-03-07T14:48:07","guid":{"rendered":"https:\/\/haberbesiktas.tr\/?p=15161"},"modified":"2025-03-07T14:48:07","modified_gmt":"2025-03-07T14:48:07","slug":"tffden-boluspor-taraftarina-ve-kaleci-mert-gunoka-fair-play-odulu","status":"publish","type":"post","link":"https:\/\/haberbesiktas.tr\/?p=15161","title":{"rendered":"TFF&#8217;den Boluspor taraftar\u0131na ve kaleci Mert G\u00fcnok&#8217;a fair play \u00f6d\u00fcl\u00fc"},"content":{"rendered":"<div>\n<p>T\u00fcrkiye Futbol Federasyonu (TFF) Fair Play ve Sosyal Sorumluluk Kurulu, Ocak ay\u0131 fair play m\u00fckafat\u0131n\u0131 Boluspor taraftar\u0131 ile Be\u015fikta\u015f&#8217;\u0131n ulusal kalecisi Mert G\u00fcnok&#8217;a verdi.\u00a0<\/p>\n<p> TFF&#8217;den yap\u0131lan a\u00e7\u0131klamada, Trendyol 1. Lig&#8217;in 21. haftas\u0131nda oynanan Boluspor-Gen\u00e7lerbirli\u011fi m\u00fcsabakas\u0131 \u00f6ncesinde konut sahibi ekip taraftar\u0131n\u0131n manal\u0131 hareketinin m\u00fckafata lay\u0131k g\u00f6r\u00fcld\u00fc\u011f\u00fc aktar\u0131ld\u0131.\u00a0<\/p>\n<p> Bolusporlu taraftarlar, Bolu Kartalkaya&#8217;daki bir otelde \u00e7\u0131kan yang\u0131nda hayat\u0131n\u0131 kaybeden vatanda\u015flar\u0131n isimlerini siyah pankartlara yazarak ma\u00e7 \u00f6ncesinde anma merasimi d\u00fczenlemi\u015fti.\u00a0<\/p>\n<p> Be\u015fikta\u015f&#8217;\u0131n tecr\u00fcbeli file bek\u00e7isi Mert G\u00fcnok ise siyah-beyazl\u0131 grubun \u0130spanya tak\u0131m\u0131 Athletic Bilbao&#8217;yu 4-1 yendi\u011fi UEFA Avrupa Ligi ma\u00e7 sonras\u0131nda taraftarlar\u0131n oyuncular\u0131 trib\u00fcne \u00e7a\u011f\u0131rmas\u0131na, &#8220;Bug\u00fcn sevinmek yok, yaln\u0131zca alk\u0131\u015f var.&#8221; diye kar\u015f\u0131l\u0131k vermesi nedeniyle m\u00fckafata lay\u0131k g\u00f6r\u00fcld\u00fc.<\/p>\n<\/div>\n","protected":false},"excerpt":{"rendered":"<p>TFF, Ocak ay\u0131 fair play m\u00fckafat\u0131n\u0131 Boluspor taraftar\u0131na ve Be\u015fikta\u015f&#8217;\u0131n ulusal kalecisi Mert G\u00fcnok&#8217;a verdi.<\/p>\n","protected":false},"author":1,"featured_media":15162,"comment_status":"open","ping_status":"open","sticky":false,"template":"","format":"standard","meta":{"footnotes":""},"categories":[25],"tags":[],"class_list":["post-15161","post","type-post","status-publish","format-standard","has-post-thumbnail","hentry","category-futbol"],"_links":{"self":[{"href":"https:\/\/haberbesiktas.tr\/index.php?rest_route=\/wp\/v2\/posts\/15161","targetHints":{"allow":["GET"]}}],"collection":[{"href":"https:\/\/haberbesiktas.tr\/index.php?rest_route=\/wp\/v2\/posts"}],"about":[{"href":"https:\/\/haberbesiktas.tr\/index.php?rest_route=\/wp\/v2\/types\/post"}],"author":[{"embeddable":true,"href":"https:\/\/haberbesiktas.tr\/index.php?rest_route=\/wp\/v2\/users\/1"}],"replies":[{"embeddable":true,"href":"https:\/\/haberbesiktas.tr\/index.php?rest_route=%2Fwp%2Fv2%2Fcomments&post=15161"}],"version-history":[{"count":1,"href":"https:\/\/haberbesiktas.tr\/index.php?rest_route=\/wp\/v2\/posts\/15161\/revisions"}],"predecessor-version":[{"id":15163,"href":"https:\/\/haberbesiktas.tr\/index.php?rest_route=\/wp\/v2\/posts\/15161\/revisions\/15163"}],"wp:featuredmedia":[{"embeddable":true,"href":"https:\/\/haberbesiktas.tr\/index.php?rest_route=\/wp\/v2\/media\/15162"}],"wp:attachment":[{"href":"https:\/\/haberbesiktas.tr\/index.php?rest_route=%2Fwp%2Fv2%2Fmedia&parent=15161"}],"wp:term":[{"taxonomy":"category","embeddable":true,"href":"https:\/\/haberbesiktas.tr\/index.php?rest_route=%2Fwp%2Fv2%2Fcategories&post=15161"},{"taxonomy":"post_tag","embeddable":true,"href":"https:\/\/haberbesiktas.tr\/index.php?rest_route=%2Fwp%2Fv2%2Ftags&post=15161"}],"curies":[{"name":"wp","href":"https:\/\/api.w.org\/{rel}","templated":true}]}}